{"id":9934,"date":"2025-09-22T04:00:00","date_gmt":"2025-09-22T07:00:00","guid":{"rendered":"https:\/\/noticiasregionais.com.br\/?p=9934"},"modified":"2025-09-22T04:00:00","modified_gmt":"2025-09-22T07:00:00","slug":"congresso-inicia-semana-com-foco-em-anistia-pec-da-blindagem-e-cpmi-do-inss","status":"publish","type":"post","link":"https:\/\/noticiasregionais.com.br\/?p=9934","title":{"rendered":"Congresso inicia semana com foco em anistia, PEC da Blindagem e CPMI do INSS"},"content":{"rendered":"<p>\t\t\t\t\t\t\t\t\t\t<audio controls class=\"b61_audio_player\" data-noticia=\"84705\" src=\"https:\/\/brasil61.com\/rails\/active_storage\/blobs\/eyJfcmFpbHMiOnsibWVzc2FnZSI6IkJBaHBBMXFkQXc9PSIsImV4cCI6bnVsbCwicHVyIjoiYmxvYl9pZCJ9fQ==--7041a4e5eeb452479286238d925aece068b1b092\/BRAS2514749A\"><\/audio><\/p>\n<p>A semana legislativa, no Congresso Nacional,\u00a0deve ser marcada por <strong>debates acalorados em torno de tr\u00eas temas centrais: a proposta de anistia aos envolvidos nos atos de 8 de janeiro, a PEC da Blindagem \u2014 que limita a abertura de processos contra parlamentares \u2014 e os desdobramentos da CPMI do INSS<\/strong>.<\/p>\n<p>Na <a href=\"https:\/\/www.camara.leg.br\/\" target=\"_blank\" rel=\"noopener\"><strong>C\u00e2mara do Deputados<\/strong><\/a>, o relator do projeto de anistia (<a href=\"https:\/\/www.camara.leg.br\/proposicoesWeb\/fichadetramitacao?idProposicao=2358548\" target=\"_blank\" rel=\"noopener\"><strong>Projeto de Lei 2162\/23<\/strong><\/a>), <strong>Paulinho da For\u00e7a (Solidariedade-SP)<\/strong>, vai discutir com l\u00edderes partid\u00e1rios a reda\u00e7\u00e3o final do texto. Ele j\u00e1 adiantou que n\u00e3o haver\u00e1 espa\u00e7o para uma anistia \u201campla, geral e irrestrita\u201d, como defende a oposi\u00e7\u00e3o ligada ao PL, e que buscar\u00e1 um meio-termo que agrade \u00e0 maioria dos deputados.<\/p>\n<p>J\u00e1 a <strong>PEC da Blindagem\u00a0(<a href=\"https:\/\/www25.senado.leg.br\/web\/atividade\/materias\/-\/materia\/167158\" target=\"_blank\" rel=\"noopener\">PEC 3\/2021<\/a>)<\/strong>, aprovada em dois turnos na C\u00e2mara na semana passada, continua no centro da pol\u00eamica. O ministro do STF Dias Toffoli deu prazo de dez dias para que a Casa esclare\u00e7a a tramita\u00e7\u00e3o da proposta, alvo de questionamentos sobre poss\u00edveis irregularidades. Enquanto isso, no Senado, o presidente da CCJ, <strong>Otto Alencar (PSD-BA)<\/strong>, afirmou que o texto n\u00e3o deve prosperar na comiss\u00e3o, considerando a medida impopular e dif\u00edcil de ser aprovada \u00e0s v\u00e9speras das elei\u00e7\u00f5es municipais.<\/p>\n<p>Na <strong>CPMI do INSS<\/strong>, ap\u00f3s a aprova\u00e7\u00e3o de mais de 170 requerimentos, os pr\u00f3ximos passos incluem convites \u2014 e n\u00e3o mais convoca\u00e7\u00f5es \u2014 a autoridades como o advogado-geral da Uni\u00e3o, Jorge Messias, e o diretor-geral da Pol\u00edcia Federal, Andrei Rodrigues. A comiss\u00e3o tamb\u00e9m vai analisar documentos da Opera\u00e7\u00e3o Sem Desconto, que investiga fraudes em descontos ilegais em benef\u00edcios previdenci\u00e1rios.<\/p>\n<h2>Outros temas<\/h2>\n<p>Al\u00e9m desses pontos, outros temas tamb\u00e9m devem movimentar o Congresso. Na C\u00e2mara, um <strong>projeto para retomar obras paralisadas de saneamento b\u00e1sico <\/strong>avan\u00e7a em car\u00e1ter conclusivo. J\u00e1 o governo apresentou uma <strong>proposta para regular a atua\u00e7\u00e3o das big techs<\/strong>, com foco em garantir concorr\u00eancia mais equilibrada nos mercados digitais.<br \/>\n\u00a0<\/p>\n<p>\t\t\t\t\t\t\t\t\t<img decoding=\"async\" src=\"https:\/\/brasil61.com\/api\/v1\/serve_pixel\/22254\/84705\" alt=\"Pixel Brasil 61\" class=\"b61_pixel\" width=\"0\" height=\"0\"><\/p>\n<div class=\"br61_backlink\">\n<p>\n\t\t\t\tFonte: <a href=\"https:\/\/brasil61.com\/congresso-inicia-semana-com-foco-em-anistia-pec-da-blindagem-e-cpmi-do-inss-bras2514749\" title=\"Artigo Original: Congresso inicia semana com foco em anistia, PEC da Blindagem e CPMI do INSS\" target=\"_blank\" rel=\"noopener\">Brasil 61<\/a>\n\t\t\t<\/p>\n<\/p><\/div>\n<input type=\"hidden\" id=\"baseurl\" value=\"https:\/\/noticiasregionais.com.br\"><input type=\"hidden\" id=\"audio_nonce\" value=\"5c13e0637f\">","protected":false},"excerpt":{"rendered":"<p>Anistia aos atos de 8 de janeiro, PEC da Blindagem e investiga\u00e7\u00f5es da CPMI do INSS dominam a pauta legislativa, enquanto projetos sobre saneamento e regula\u00e7\u00e3o das big techs avan\u00e7am em comiss\u00f5es<\/p>\n","protected":false},"author":1,"featured_media":9935,"comment_status":"","ping_status":"open","sticky":false,"template":"","format":"standard","meta":{"sfsi_plus_gutenberg_text_before_share":"","sfsi_plus_gutenberg_show_text_before_share":"","sfsi_plus_gutenberg_icon_type":"","sfsi_plus_gutenberg_icon_alignemt":"","sfsi_plus_gutenburg_max_per_row":"","footnotes":""},"categories":[8],"tags":[],"class_list":["post-9934","post","type-post","status-publish","format-standard","has-post-thumbnail","hentry","category-brasil"],"_links":{"self":[{"href":"https:\/\/noticiasregionais.com.br\/index.php?rest_route=\/wp\/v2\/posts\/9934","targetHints":{"allow":["GET"]}}],"collection":[{"href":"https:\/\/noticiasregionais.com.br\/index.php?rest_route=\/wp\/v2\/posts"}],"about":[{"href":"https:\/\/noticiasregionais.com.br\/index.php?rest_route=\/wp\/v2\/types\/post"}],"author":[{"embeddable":true,"href":"https:\/\/noticiasregionais.com.br\/index.php?rest_route=\/wp\/v2\/users\/1"}],"replies":[{"embeddable":true,"href":"https:\/\/noticiasregionais.com.br\/index.php?rest_route=%2Fwp%2Fv2%2Fcomments&post=9934"}],"version-history":[{"count":0,"href":"https:\/\/noticiasregionais.com.br\/index.php?rest_route=\/wp\/v2\/posts\/9934\/revisions"}],"wp:featuredmedia":[{"embeddable":true,"href":"https:\/\/noticiasregionais.com.br\/index.php?rest_route=\/wp\/v2\/media\/9935"}],"wp:attachment":[{"href":"https:\/\/noticiasregionais.com.br\/index.php?rest_route=%2Fwp%2Fv2%2Fmedia&parent=9934"}],"wp:term":[{"taxonomy":"category","embeddable":true,"href":"https:\/\/noticiasregionais.com.br\/index.php?rest_route=%2Fwp%2Fv2%2Fcategories&post=9934"},{"taxonomy":"post_tag","embeddable":true,"href":"https:\/\/noticiasregionais.com.br\/index.php?rest_route=%2Fwp%2Fv2%2Ftags&post=9934"}],"curies":[{"name":"wp","href":"https:\/\/api.w.org\/{rel}","templated":true}]}}