{"id":9943,"date":"2025-09-22T08:36:11","date_gmt":"2025-09-22T11:36:11","guid":{"rendered":"https:\/\/noticiasregionais.com.br\/?p=9943"},"modified":"2025-09-22T08:36:31","modified_gmt":"2025-09-22T11:36:31","slug":"ace-e-sebrae-reforcam-parceria-para-impulsionar-qualificacao-e-empreendedorismo-em-ourinhos","status":"publish","type":"post","link":"https:\/\/noticiasregionais.com.br\/?p=9943","title":{"rendered":"ACE e Sebrae refor\u00e7am parceria para impulsionar qualifica\u00e7\u00e3o e empreendedorismo em Ourinhos"},"content":{"rendered":"\n<h3 class=\"wp-block-heading has-text-align-center\">Institui\u00e7\u00f5es planejam a\u00e7\u00f5es conjuntas de capacita\u00e7\u00e3o e inova\u00e7\u00e3o para fortalecer o com\u00e9rcio local e atender \u00e0s demandas dos empreendedores.<\/h3>\n\n\n\n<p>A Associa\u00e7\u00e3o Comercial e Empresarial de Ourinhos (ACE) e o Escrit\u00f3rio Regional do Sebrae-SP refor\u00e7aram sua parceria para ampliar a qualifica\u00e7\u00e3o e o apoio aos empreendedores locais. O alinhamento foi discutido em reuni\u00e3o realizada na \u00faltima quinta-feira (18), entre o presidente da ACE, Eng\u00ba Robson Martuchi, e o gerente regional do Sebrae-SP, Leandro Louren\u00e7o da Silva.<\/p>\n\n\n\n<p>O encontro teve como foco principal a defini\u00e7\u00e3o de estrat\u00e9gias conjuntas para fortalecer a\u00e7\u00f5es de capacita\u00e7\u00e3o, com destaque para cursos, palestras e treinamentos voltados ao desenvolvimento do com\u00e9rcio e dos pequenos neg\u00f3cios de Ourinhos.<\/p>\n\n\n\n<p>De acordo com Martuchi, a ACE tem como prioridade oferecer suporte aos associados e promover o crescimento sustent\u00e1vel da economia local. \u201cA ACE sempre esteve comprometida em promover o desenvolvimento econ\u00f4mico de Ourinhos. Queremos ouvir as necessidades dos nossos associados e, a partir disso, direcionar cursos, palestras e capacita\u00e7\u00f5es que realmente fa\u00e7am diferen\u00e7a na pr\u00e1tica. A parceria com o Sebrae \u00e9 fundamental para potencializar os empreendedores e abrir novos caminhos de crescimento\u201d, afirmou.<\/p>\n\n\n\n<p>Nos pr\u00f3ximos meses, ser\u00e3o divulgadas as primeiras iniciativas concretas dessa coopera\u00e7\u00e3o, com base nas demandas levantadas junto aos empres\u00e1rios. A proposta \u00e9 construir uma agenda de capacita\u00e7\u00e3o alinhada \u00e0s necessidades do mercado e \u00e0s oportunidades de inova\u00e7\u00e3o.<\/p>\n\n\n\n<p>Com a uni\u00e3o das institui\u00e7\u00f5es, a expectativa \u00e9 fortalecer ainda mais o ambiente de neg\u00f3cios em Ourinhos, incentivando o empreendedorismo, a qualifica\u00e7\u00e3o profissional e a competitividade do com\u00e9rcio local.<\/p>\n<input type=\"hidden\" id=\"baseurl\" value=\"https:\/\/noticiasregionais.com.br\"><input type=\"hidden\" id=\"audio_nonce\" value=\"533fbb67b1\">","protected":false},"excerpt":{"rendered":"<p>Institui\u00e7\u00f5es planejam a\u00e7\u00f5es conjuntas de capacita\u00e7\u00e3o e inova\u00e7\u00e3o para fortalecer o com\u00e9rcio local e atender \u00e0s demandas dos empreendedores. A&hellip;<\/p>\n","protected":false},"author":1,"featured_media":9944,"comment_status":"closed","ping_status":"open","sticky":false,"template":"","format":"standard","meta":{"sfsi_plus_gutenberg_text_before_share":"","sfsi_plus_gutenberg_show_text_before_share":"","sfsi_plus_gutenberg_icon_type":"","sfsi_plus_gutenberg_icon_alignemt":"","sfsi_plus_gutenburg_max_per_row":"","footnotes":""},"categories":[10,1,5],"tags":[],"class_list":["post-9943","post","type-post","status-publish","format-standard","has-post-thumbnail","hentry","category-destaques","category-noticias","category-ourinhos"],"_links":{"self":[{"href":"https:\/\/noticiasregionais.com.br\/index.php?rest_route=\/wp\/v2\/posts\/9943","targetHints":{"allow":["GET"]}}],"collection":[{"href":"https:\/\/noticiasregionais.com.br\/index.php?rest_route=\/wp\/v2\/posts"}],"about":[{"href":"https:\/\/noticiasregionais.com.br\/index.php?rest_route=\/wp\/v2\/types\/post"}],"author":[{"embeddable":true,"href":"https:\/\/noticiasregionais.com.br\/index.php?rest_route=\/wp\/v2\/users\/1"}],"replies":[{"embeddable":true,"href":"https:\/\/noticiasregionais.com.br\/index.php?rest_route=%2Fwp%2Fv2%2Fcomments&post=9943"}],"version-history":[{"count":1,"href":"https:\/\/noticiasregionais.com.br\/index.php?rest_route=\/wp\/v2\/posts\/9943\/revisions"}],"predecessor-version":[{"id":9945,"href":"https:\/\/noticiasregionais.com.br\/index.php?rest_route=\/wp\/v2\/posts\/9943\/revisions\/9945"}],"wp:featuredmedia":[{"embeddable":true,"href":"https:\/\/noticiasregionais.com.br\/index.php?rest_route=\/wp\/v2\/media\/9944"}],"wp:attachment":[{"href":"https:\/\/noticiasregionais.com.br\/index.php?rest_route=%2Fwp%2Fv2%2Fmedia&parent=9943"}],"wp:term":[{"taxonomy":"category","embeddable":true,"href":"https:\/\/noticiasregionais.com.br\/index.php?rest_route=%2Fwp%2Fv2%2Fcategories&post=9943"},{"taxonomy":"post_tag","embeddable":true,"href":"https:\/\/noticiasregionais.com.br\/index.php?rest_route=%2Fwp%2Fv2%2Ftags&post=9943"}],"curies":[{"name":"wp","href":"https:\/\/api.w.org\/{rel}","templated":true}]}}