{"id":9946,"date":"2025-09-22T10:03:18","date_gmt":"2025-09-22T13:03:18","guid":{"rendered":"https:\/\/noticiasregionais.com.br\/?p=9946"},"modified":"2025-09-22T10:03:23","modified_gmt":"2025-09-22T13:03:23","slug":"camara-de-ourinhos-tem-sessao-nesta-segunda-22-com-pautas-que-prometem-debate-acalorado","status":"publish","type":"post","link":"https:\/\/noticiasregionais.com.br\/?p=9946","title":{"rendered":"C\u00e2mara de Ourinhos tem sess\u00e3o nesta segunda, 22 com pautas que prometem debate acalorado"},"content":{"rendered":"\n<p>A C\u00e2mara Municipal de Ourinhos realiza nesta segunda-feira (22) sua 32\u00aa sess\u00e3o ordin\u00e1ria de 2025 com uma pauta extensa de requerimentos, indica\u00e7\u00f5es e mo\u00e7\u00f5es. Entre os itens a serem discutidos, alguns chamam a aten\u00e7\u00e3o pela possibilidade de gerar pol\u00eamica e intenso debate entre os vereadores e a popula\u00e7\u00e3o.<\/p>\n\n\n\n<p>Entre os requerimentos mais sens\u00edveis, destacam-se os pedidos de informa\u00e7\u00f5es sobre conv\u00eanios e contratos firmados pelo munic\u00edpio. O vereador Wesley Carlos solicita detalhamentos sobre a <strong>Associa\u00e7\u00e3o Beneficente de Desenvolvimento Social e Cultural (ABDESC)<\/strong> e o <strong>Cons\u00f3rcio UMMES<\/strong>, incluindo nomes, cargos e remunera\u00e7\u00e3o de funcion\u00e1rios, al\u00e9m de notas fiscais e pagamentos feitos \u00e0 entidade e a empresas prestadoras de servi\u00e7o. Os questionamentos envolvem transpar\u00eancia na aplica\u00e7\u00e3o de recursos p\u00fablicos, tema que costuma mobilizar vereadores de oposi\u00e7\u00e3o e situa\u00e7\u00e3o.<\/p>\n\n\n\n<p>Outro ponto que deve gerar discuss\u00f5es \u00e9 o requerimento do vereador C\u00edcero de Aquino para a <strong>desativa\u00e7\u00e3o de uma ciclovia\/pista de caminhada<\/strong> localizada na Rua Jo\u00e3o Bonde, no Jardim Eldorado. A proposta, que pede estudos para a retirada da estrutura, deve dividir opini\u00f5es entre quem defende a mobilidade sustent\u00e1vel e moradores que reclamam do espa\u00e7o.<\/p>\n\n\n\n<p>Tamb\u00e9m entra em pauta um pedido de altera\u00e7\u00e3o da <strong>Lei n\u00ba 6.415\/2018<\/strong>, que trata da composi\u00e7\u00e3o do Conselho Municipal dos Direitos da Mulher (COMDIM). A mudan\u00e7a pode abrir espa\u00e7o para novos representantes e tem potencial de provocar debate sobre a representatividade feminina nas pol\u00edticas p\u00fablicas.<\/p>\n\n\n\n<p>Al\u00e9m dessas mat\u00e9rias, h\u00e1 uma s\u00e9rie de indica\u00e7\u00f5es para recapeamento de ruas em diversos bairros, instala\u00e7\u00e3o de c\u00e2meras de monitoramento, melhorias em escolas e cria\u00e7\u00e3o de novas rotat\u00f3rias e redutores de velocidade. Embora de car\u00e1ter mais administrativo, essas propostas refletem demandas frequentes da popula\u00e7\u00e3o e podem gerar discuss\u00f5es sobre prioridades or\u00e7ament\u00e1rias.<\/p>\n\n\n\n<p>A sess\u00e3o est\u00e1 marcada para a noite desta segunda-feira, no plen\u00e1rio da C\u00e2mara. A expectativa \u00e9 de que os requerimentos ligados \u00e0 transpar\u00eancia e \u00e0 infraestrutura urbana concentrem a maior parte das aten\u00e7\u00f5es do p\u00fablico e dos parlamentares.<\/p>\n<input type=\"hidden\" id=\"baseurl\" value=\"https:\/\/noticiasregionais.com.br\"><input type=\"hidden\" id=\"audio_nonce\" value=\"533fbb67b1\">","protected":false},"excerpt":{"rendered":"<p>A C\u00e2mara Municipal de Ourinhos realiza nesta segunda-feira (22) sua 32\u00aa sess\u00e3o ordin\u00e1ria de 2025 com uma pauta extensa de&hellip;<\/p>\n","protected":false},"author":1,"featured_media":902,"comment_status":"closed","ping_status":"open","sticky":false,"template":"","format":"standard","meta":{"sfsi_plus_gutenberg_text_before_share":"","sfsi_plus_gutenberg_show_text_before_share":"","sfsi_plus_gutenberg_icon_type":"","sfsi_plus_gutenberg_icon_alignemt":"","sfsi_plus_gutenburg_max_per_row":"","footnotes":""},"categories":[12,1,5],"tags":[16],"class_list":["post-9946","post","type-post","status-publish","format-standard","has-post-thumbnail","hentry","category-capa","category-noticias","category-ourinhos","tag-ourinhos"],"_links":{"self":[{"href":"https:\/\/noticiasregionais.com.br\/index.php?rest_route=\/wp\/v2\/posts\/9946","targetHints":{"allow":["GET"]}}],"collection":[{"href":"https:\/\/noticiasregionais.com.br\/index.php?rest_route=\/wp\/v2\/posts"}],"about":[{"href":"https:\/\/noticiasregionais.com.br\/index.php?rest_route=\/wp\/v2\/types\/post"}],"author":[{"embeddable":true,"href":"https:\/\/noticiasregionais.com.br\/index.php?rest_route=\/wp\/v2\/users\/1"}],"replies":[{"embeddable":true,"href":"https:\/\/noticiasregionais.com.br\/index.php?rest_route=%2Fwp%2Fv2%2Fcomments&post=9946"}],"version-history":[{"count":1,"href":"https:\/\/noticiasregionais.com.br\/index.php?rest_route=\/wp\/v2\/posts\/9946\/revisions"}],"predecessor-version":[{"id":9947,"href":"https:\/\/noticiasregionais.com.br\/index.php?rest_route=\/wp\/v2\/posts\/9946\/revisions\/9947"}],"wp:featuredmedia":[{"embeddable":true,"href":"https:\/\/noticiasregionais.com.br\/index.php?rest_route=\/wp\/v2\/media\/902"}],"wp:attachment":[{"href":"https:\/\/noticiasregionais.com.br\/index.php?rest_route=%2Fwp%2Fv2%2Fmedia&parent=9946"}],"wp:term":[{"taxonomy":"category","embeddable":true,"href":"https:\/\/noticiasregionais.com.br\/index.php?rest_route=%2Fwp%2Fv2%2Fcategories&post=9946"},{"taxonomy":"post_tag","embeddable":true,"href":"https:\/\/noticiasregionais.com.br\/index.php?rest_route=%2Fwp%2Fv2%2Ftags&post=9946"}],"curies":[{"name":"wp","href":"https:\/\/api.w.org\/{rel}","templated":true}]}}