{"id":9948,"date":"2025-09-22T14:07:28","date_gmt":"2025-09-22T17:07:28","guid":{"rendered":"https:\/\/noticiasregionais.com.br\/?p=9948"},"modified":"2025-09-22T14:07:59","modified_gmt":"2025-09-22T17:07:59","slug":"projeto-r7master-representara-salto-grande-no-pan-americano-de-jiu-jitsu-em-sao-paulo","status":"publish","type":"post","link":"https:\/\/noticiasregionais.com.br\/?p=9948","title":{"rendered":"Projeto R7MASTER representar\u00e1 Salto Grande no Pan-Americano de Jiu Jitsu em S\u00e3o Paulo"},"content":{"rendered":"\n<p>O munic\u00edpio de Salto Grande ter\u00e1 representantes no Campeonato Pan-Americano de Jiu-Jitsu da Confedera\u00e7\u00e3o Brasileira de Jiu-Jitsu Esportivo (CBJJE), que acontece em S\u00e3o Paulo e reunir\u00e1 mais de 5 mil atletas de diversos pa\u00edses. A participa\u00e7\u00e3o ser\u00e1 por meio do projeto R7MASTER, que atende jovens da cidade e vem se consolidando como refer\u00eancia esportiva e social.<\/p>\n\n\n\n<p>O prefeito M\u00e1rio Rosa destacou a import\u00e2ncia da iniciativa e reafirmou o compromisso da gest\u00e3o com o esporte e a inclus\u00e3o social. \u201cInvestir no esporte \u00e9 investir no futuro dos nossos jovens. O R7MASTER tem se destacado e estamos confiantes de que nossos atletas v\u00e3o mostrar todo o talento e dedica\u00e7\u00e3o de Salto Grande\u201d, afirmou.<\/p>\n\n\n\n<p>A administra\u00e7\u00e3o municipal tem priorizado a\u00e7\u00f5es que incentivam pr\u00e1ticas esportivas e projetos sociais, entendendo que essas iniciativas contribuem para o desenvolvimento pessoal, a disciplina e a constru\u00e7\u00e3o de oportunidades para a juventude.<\/p>\n\n\n\n<p>Com a presen\u00e7a no Pan-Americano de Jiu-Jitsu, Salto Grande refor\u00e7a sua imagem como cidade que valoriza o esporte e aposta no talento local como ferramenta de transforma\u00e7\u00e3o social.<\/p>\n<input type=\"hidden\" id=\"baseurl\" value=\"https:\/\/noticiasregionais.com.br\"><input type=\"hidden\" id=\"audio_nonce\" value=\"533fbb67b1\">","protected":false},"excerpt":{"rendered":"<p>O munic\u00edpio de Salto Grande ter\u00e1 representantes no Campeonato Pan-Americano de Jiu-Jitsu da Confedera\u00e7\u00e3o Brasileira de Jiu-Jitsu Esportivo (CBJJE), que&hellip;<\/p>\n","protected":false},"author":1,"featured_media":9949,"comment_status":"closed","ping_status":"open","sticky":false,"template":"","format":"standard","meta":{"sfsi_plus_gutenberg_text_before_share":"","sfsi_plus_gutenberg_show_text_before_share":"","sfsi_plus_gutenberg_icon_type":"","sfsi_plus_gutenberg_icon_alignemt":"","sfsi_plus_gutenburg_max_per_row":"","footnotes":""},"categories":[10,1,6],"tags":[15],"class_list":["post-9948","post","type-post","status-publish","format-standard","has-post-thumbnail","hentry","category-destaques","category-noticias","category-sao_paulo","tag-salto_grande"],"_links":{"self":[{"href":"https:\/\/noticiasregionais.com.br\/index.php?rest_route=\/wp\/v2\/posts\/9948","targetHints":{"allow":["GET"]}}],"collection":[{"href":"https:\/\/noticiasregionais.com.br\/index.php?rest_route=\/wp\/v2\/posts"}],"about":[{"href":"https:\/\/noticiasregionais.com.br\/index.php?rest_route=\/wp\/v2\/types\/post"}],"author":[{"embeddable":true,"href":"https:\/\/noticiasregionais.com.br\/index.php?rest_route=\/wp\/v2\/users\/1"}],"replies":[{"embeddable":true,"href":"https:\/\/noticiasregionais.com.br\/index.php?rest_route=%2Fwp%2Fv2%2Fcomments&post=9948"}],"version-history":[{"count":1,"href":"https:\/\/noticiasregionais.com.br\/index.php?rest_route=\/wp\/v2\/posts\/9948\/revisions"}],"predecessor-version":[{"id":9950,"href":"https:\/\/noticiasregionais.com.br\/index.php?rest_route=\/wp\/v2\/posts\/9948\/revisions\/9950"}],"wp:featuredmedia":[{"embeddable":true,"href":"https:\/\/noticiasregionais.com.br\/index.php?rest_route=\/wp\/v2\/media\/9949"}],"wp:attachment":[{"href":"https:\/\/noticiasregionais.com.br\/index.php?rest_route=%2Fwp%2Fv2%2Fmedia&parent=9948"}],"wp:term":[{"taxonomy":"category","embeddable":true,"href":"https:\/\/noticiasregionais.com.br\/index.php?rest_route=%2Fwp%2Fv2%2Fcategories&post=9948"},{"taxonomy":"post_tag","embeddable":true,"href":"https:\/\/noticiasregionais.com.br\/index.php?rest_route=%2Fwp%2Fv2%2Ftags&post=9948"}],"curies":[{"name":"wp","href":"https:\/\/api.w.org\/{rel}","templated":true}]}}