{"id":9951,"date":"2025-09-22T14:24:41","date_gmt":"2025-09-22T17:24:41","guid":{"rendered":"https:\/\/noticiasregionais.com.br\/?p=9951"},"modified":"2025-09-22T14:24:44","modified_gmt":"2025-09-22T17:24:44","slug":"acoes-no-fim-de-semana-resultaram-em-diversas-apreensoes-de-entorpecentes-e-na-recuperacao-de-um-celular-roubado","status":"publish","type":"post","link":"https:\/\/noticiasregionais.com.br\/?p=9951","title":{"rendered":"A\u00e7\u00f5es no fim de semana resultaram em diversas apreens\u00f5es de entorpecentes e na recupera\u00e7\u00e3o de um celular roubado"},"content":{"rendered":"\n<p>Entre a sexta-feira (19) e a madrugada desta segunda-feira (22), a Pol\u00edcia Militar realizou uma s\u00e9rie de opera\u00e7\u00f5es que resultaram em pris\u00f5es por tr\u00e1fico de drogas em Ourinhos e por roubo em Santa Cruz do Rio Pardo. As ocorr\u00eancias contaram com apoio de diferentes unidades policiais e refor\u00e7aram o combate \u00e0 criminalidade na regi\u00e3o.<\/p>\n\n\n\n<h3 class=\"wp-block-heading\">Pris\u00f5es por tr\u00e1fico em Ourinhos<\/h3>\n\n\n\n<p>Na manh\u00e3 de sexta-feira (19), em apoio \u00e0 Pol\u00edcia Rodovi\u00e1ria Federal, policiais do 31\u00ba BPM\/I prenderam um homem em flagrante por tr\u00e1fico de drogas, resist\u00eancia e desobedi\u00eancia. O caso ocorreu ap\u00f3s a fuga de dois indiv\u00edduos na BR-153, que abandonaram um ve\u00edculo carregado com entorpecentes na Avenida Lu\u00eds Saldanha Rodrigues. Um dos suspeitos foi localizado e confessou estar transportando drogas com o comparsa. Ao todo, foram apreendidos <strong>40 tabletes de maconha e 122 pacotes de skunk, totalizando quase 50 quilos de entorpecentes<\/strong>.<\/p>\n\n\n\n<p>Ainda na sexta-feira, outra a\u00e7\u00e3o do 31\u00ba BPM\/I, com apoio do Canil do 13\u00ba BAEP, resultou na pris\u00e3o de um homem por tr\u00e1fico de drogas nas proximidades da rua Gaspar Ricardo. Com ele e em um terreno pr\u00f3ximo foram encontradas <strong>dez por\u00e7\u00f5es de crack e cinco por\u00e7\u00f5es de maconha<\/strong>.<\/p>\n\n\n\n<p>Na noite de s\u00e1bado (20), equipes da For\u00e7a T\u00e1tica prenderam um traficante na Vila Boa Esperan\u00e7a. O homem portava <strong>nove pedras brutas de crack, cinco pedras menores, al\u00e9m de maconha, dinheiro e objetos utilizados no preparo da droga<\/strong>.<\/p>\n\n\n\n<p>Na madrugada de domingo (21), outra pris\u00e3o foi registrada no Parque Minas Gerais. O suspeito foi flagrado com <strong>por\u00e7\u00f5es de maconha, R$ 50 em dinheiro e, em locais indicados por ele, os policiais encontraram ainda 205 gramas da droga, duas balan\u00e7as de precis\u00e3o e uma faca<\/strong>.<\/p>\n\n\n\n<p>No mesmo dia, em outra ocorr\u00eancia, um homem foi preso em flagrante durante a abordagem de um ve\u00edculo ocupado por ele e uma mulher. O suspeito transportava <strong>por\u00e7\u00f5es brutas de crack<\/strong> que seriam fracionadas para venda. Al\u00e9m da droga, os policiais apreenderam <strong>tr\u00eas celulares e o carro utilizado<\/strong>.<\/p>\n\n\n\n<p>Em todas as situa\u00e7\u00f5es, os presos foram conduzidos \u00e0 Delegacia de Investiga\u00e7\u00f5es sobre Entorpecentes (DISE) ou \u00e0 Central de Pol\u00edcia Judici\u00e1ria de Ourinhos, permanecendo \u00e0 disposi\u00e7\u00e3o da Justi\u00e7a.<\/p>\n\n\n\n<h3 class=\"wp-block-heading\">Roubo em Santa Cruz do Rio Pardo<\/h3>\n\n\n\n<p>Na madrugada desta segunda-feira (22), policiais do 31\u00ba BPM\/I prenderam em flagrante um homem acusado de roubo em Santa Cruz do Rio Pardo. Segundo a v\u00edtima, o suspeito a abordou na sa\u00edda de um estabelecimento comercial e, mediante amea\u00e7as, subtraiu seus pertences, incluindo um celular.<\/p>\n\n\n\n<p>Durante patrulhamento, a equipe localizou o indiv\u00edduo em uma pra\u00e7a p\u00fablica. O telefone roubado foi encontrado em suas vestes e devolvido \u00e0 v\u00edtima. O caso foi registrado como <strong>roubo consumado<\/strong> na Central de Pol\u00edcia Judici\u00e1ria, e o autor permaneceu preso \u00e0 disposi\u00e7\u00e3o da Justi\u00e7a.<\/p>\n\n\n\n<h3 class=\"wp-block-heading\">Refor\u00e7o no combate \u00e0 criminalidade<\/h3>\n\n\n\n<p>As ocorr\u00eancias registradas nos \u00faltimos dias demonstram o trabalho integrado da Pol\u00edcia Militar na repress\u00e3o ao tr\u00e1fico de drogas e a crimes patrimoniais, refor\u00e7ando a seguran\u00e7a em Ourinhos e na regi\u00e3o de Santa Cruz do Rio Pardo.<\/p>\n\n\n\n<figure class=\"wp-block-gallery has-nested-images columns-default is-cropped wp-block-gallery-1 is-layout-flex wp-block-gallery-is-layout-flex\">\n<figure class=\"wp-block-image size-large\"><a href=\"https:\/\/noticiasregionais.com.br\/wp-content\/uploads\/2025\/09\/WhatsApp-Image-2025-09-22-at-11.06.12.jpeg\"><img decoding=\"async\" width=\"1024\" height=\"577\" data-id=\"9953\" src=\"https:\/\/noticiasregionais.com.br\/wp-content\/uploads\/2025\/09\/WhatsApp-Image-2025-09-22-at-11.06.12.jpeg\" alt=\"\" class=\"wp-image-9953\" srcset=\"https:\/\/noticiasregionais.com.br\/wp-content\/uploads\/2025\/09\/WhatsApp-Image-2025-09-22-at-11.06.12.jpeg 1024w, https:\/\/noticiasregionais.com.br\/wp-content\/uploads\/2025\/09\/WhatsApp-Image-2025-09-22-at-11.06.12-300x169.jpeg 300w, https:\/\/noticiasregionais.com.br\/wp-content\/uploads\/2025\/09\/WhatsApp-Image-2025-09-22-at-11.06.12-768x433.jpeg 768w\" sizes=\"(max-width: 1024px) 100vw, 1024px\" \/><\/a><\/figure>\n\n\n\n<figure class=\"wp-block-image size-large\"><a href=\"https:\/\/noticiasregionais.com.br\/wp-content\/uploads\/2025\/09\/WhatsApp-Image-2025-09-22-at-11.06.46.jpeg\"><img decoding=\"async\" width=\"1024\" height=\"744\" data-id=\"9958\" src=\"https:\/\/noticiasregionais.com.br\/wp-content\/uploads\/2025\/09\/WhatsApp-Image-2025-09-22-at-11.06.46-1024x744.jpeg\" alt=\"\" class=\"wp-image-9958\" srcset=\"https:\/\/noticiasregionais.com.br\/wp-content\/uploads\/2025\/09\/WhatsApp-Image-2025-09-22-at-11.06.46-1024x744.jpeg 1024w, https:\/\/noticiasregionais.com.br\/wp-content\/uploads\/2025\/09\/WhatsApp-Image-2025-09-22-at-11.06.46-300x218.jpeg 300w, https:\/\/noticiasregionais.com.br\/wp-content\/uploads\/2025\/09\/WhatsApp-Image-2025-09-22-at-11.06.46-768x558.jpeg 768w, https:\/\/noticiasregionais.com.br\/wp-content\/uploads\/2025\/09\/WhatsApp-Image-2025-09-22-at-11.06.46.jpeg 1280w\" sizes=\"(max-width: 1024px) 100vw, 1024px\" \/><\/a><\/figure>\n\n\n\n<figure class=\"wp-block-image size-large\"><a href=\"https:\/\/noticiasregionais.com.br\/wp-content\/uploads\/2025\/09\/WhatsApp-Image-2025-09-22-at-11.07.17.jpeg\"><img decoding=\"async\" width=\"1024\" height=\"761\" data-id=\"9954\" src=\"https:\/\/noticiasregionais.com.br\/wp-content\/uploads\/2025\/09\/WhatsApp-Image-2025-09-22-at-11.07.17-1024x761.jpeg\" alt=\"\" class=\"wp-image-9954\" srcset=\"https:\/\/noticiasregionais.com.br\/wp-content\/uploads\/2025\/09\/WhatsApp-Image-2025-09-22-at-11.07.17-1024x761.jpeg 1024w, https:\/\/noticiasregionais.com.br\/wp-content\/uploads\/2025\/09\/WhatsApp-Image-2025-09-22-at-11.07.17-300x223.jpeg 300w, https:\/\/noticiasregionais.com.br\/wp-content\/uploads\/2025\/09\/WhatsApp-Image-2025-09-22-at-11.07.17-768x571.jpeg 768w, https:\/\/noticiasregionais.com.br\/wp-content\/uploads\/2025\/09\/WhatsApp-Image-2025-09-22-at-11.07.17.jpeg 1080w\" sizes=\"(max-width: 1024px) 100vw, 1024px\" \/><\/a><\/figure>\n\n\n\n<figure class=\"wp-block-image size-large\"><a href=\"https:\/\/noticiasregionais.com.br\/wp-content\/uploads\/2025\/09\/WhatsApp-Image-2025-09-22-at-11.29.49.jpeg\"><img decoding=\"async\" width=\"1024\" height=\"864\" data-id=\"9956\" src=\"https:\/\/noticiasregionais.com.br\/wp-content\/uploads\/2025\/09\/WhatsApp-Image-2025-09-22-at-11.29.49-1024x864.jpeg\" alt=\"\" class=\"wp-image-9956\" srcset=\"https:\/\/noticiasregionais.com.br\/wp-content\/uploads\/2025\/09\/WhatsApp-Image-2025-09-22-at-11.29.49-1024x864.jpeg 1024w, https:\/\/noticiasregionais.com.br\/wp-content\/uploads\/2025\/09\/WhatsApp-Image-2025-09-22-at-11.29.49-300x253.jpeg 300w, https:\/\/noticiasregionais.com.br\/wp-content\/uploads\/2025\/09\/WhatsApp-Image-2025-09-22-at-11.29.49-768x648.jpeg 768w, https:\/\/noticiasregionais.com.br\/wp-content\/uploads\/2025\/09\/WhatsApp-Image-2025-09-22-at-11.29.49.jpeg 1295w\" sizes=\"(max-width: 1024px) 100vw, 1024px\" \/><\/a><\/figure>\n\n\n\n<figure class=\"wp-block-image size-large\"><a href=\"https:\/\/noticiasregionais.com.br\/wp-content\/uploads\/2025\/09\/WhatsApp-Image-2025-09-22-at-11.31.08.jpeg\"><img decoding=\"async\" width=\"914\" height=\"1024\" data-id=\"9957\" src=\"https:\/\/noticiasregionais.com.br\/wp-content\/uploads\/2025\/09\/WhatsApp-Image-2025-09-22-at-11.31.08-914x1024.jpeg\" alt=\"\" class=\"wp-image-9957\" srcset=\"https:\/\/noticiasregionais.com.br\/wp-content\/uploads\/2025\/09\/WhatsApp-Image-2025-09-22-at-11.31.08-914x1024.jpeg 914w, https:\/\/noticiasregionais.com.br\/wp-content\/uploads\/2025\/09\/WhatsApp-Image-2025-09-22-at-11.31.08-268x300.jpeg 268w, https:\/\/noticiasregionais.com.br\/wp-content\/uploads\/2025\/09\/WhatsApp-Image-2025-09-22-at-11.31.08-768x861.jpeg 768w, https:\/\/noticiasregionais.com.br\/wp-content\/uploads\/2025\/09\/WhatsApp-Image-2025-09-22-at-11.31.08.jpeg 1200w\" sizes=\"(max-width: 914px) 100vw, 914px\" \/><\/a><\/figure>\n\n\n\n<figure class=\"wp-block-image size-large\"><a href=\"https:\/\/noticiasregionais.com.br\/wp-content\/uploads\/2025\/09\/WhatsApp-Image-2025-09-22-at-13.22.26.jpeg\"><img decoding=\"async\" width=\"768\" height=\"1024\" data-id=\"9955\" src=\"https:\/\/noticiasregionais.com.br\/wp-content\/uploads\/2025\/09\/WhatsApp-Image-2025-09-22-at-13.22.26-768x1024.jpeg\" alt=\"\" class=\"wp-image-9955\" srcset=\"https:\/\/noticiasregionais.com.br\/wp-content\/uploads\/2025\/09\/WhatsApp-Image-2025-09-22-at-13.22.26-768x1024.jpeg 768w, https:\/\/noticiasregionais.com.br\/wp-content\/uploads\/2025\/09\/WhatsApp-Image-2025-09-22-at-13.22.26-225x300.jpeg 225w, https:\/\/noticiasregionais.com.br\/wp-content\/uploads\/2025\/09\/WhatsApp-Image-2025-09-22-at-13.22.26-1152x1536.jpeg 1152w, https:\/\/noticiasregionais.com.br\/wp-content\/uploads\/2025\/09\/WhatsApp-Image-2025-09-22-at-13.22.26.jpeg 1200w\" sizes=\"(max-width: 768px) 100vw, 768px\" \/><\/a><\/figure>\n<\/figure>\n<input type=\"hidden\" id=\"baseurl\" value=\"https:\/\/noticiasregionais.com.br\"><input type=\"hidden\" id=\"audio_nonce\" value=\"533fbb67b1\">","protected":false},"excerpt":{"rendered":"<p>Entre a sexta-feira (19) e a madrugada desta segunda-feira (22), a Pol\u00edcia Militar realizou uma s\u00e9rie de opera\u00e7\u00f5es que resultaram&hellip;<\/p>\n","protected":false},"author":1,"featured_media":9959,"comment_status":"closed","ping_status":"open","sticky":false,"template":"","format":"standard","meta":{"sfsi_plus_gutenberg_text_before_share":"","sfsi_plus_gutenberg_show_text_before_share":"","sfsi_plus_gutenberg_icon_type":"","sfsi_plus_gutenberg_icon_alignemt":"","sfsi_plus_gutenburg_max_per_row":"","footnotes":""},"categories":[10,1,6],"tags":[16,17],"class_list":["post-9951","post","type-post","status-publish","format-standard","has-post-thumbnail","hentry","category-destaques","category-noticias","category-sao_paulo","tag-ourinhos","tag-santa_cruz"],"_links":{"self":[{"href":"https:\/\/noticiasregionais.com.br\/index.php?rest_route=\/wp\/v2\/posts\/9951","targetHints":{"allow":["GET"]}}],"collection":[{"href":"https:\/\/noticiasregionais.com.br\/index.php?rest_route=\/wp\/v2\/posts"}],"about":[{"href":"https:\/\/noticiasregionais.com.br\/index.php?rest_route=\/wp\/v2\/types\/post"}],"author":[{"embeddable":true,"href":"https:\/\/noticiasregionais.com.br\/index.php?rest_route=\/wp\/v2\/users\/1"}],"replies":[{"embeddable":true,"href":"https:\/\/noticiasregionais.com.br\/index.php?rest_route=%2Fwp%2Fv2%2Fcomments&post=9951"}],"version-history":[{"count":1,"href":"https:\/\/noticiasregionais.com.br\/index.php?rest_route=\/wp\/v2\/posts\/9951\/revisions"}],"predecessor-version":[{"id":9960,"href":"https:\/\/noticiasregionais.com.br\/index.php?rest_route=\/wp\/v2\/posts\/9951\/revisions\/9960"}],"wp:featuredmedia":[{"embeddable":true,"href":"https:\/\/noticiasregionais.com.br\/index.php?rest_route=\/wp\/v2\/media\/9959"}],"wp:attachment":[{"href":"https:\/\/noticiasregionais.com.br\/index.php?rest_route=%2Fwp%2Fv2%2Fmedia&parent=9951"}],"wp:term":[{"taxonomy":"category","embeddable":true,"href":"https:\/\/noticiasregionais.com.br\/index.php?rest_route=%2Fwp%2Fv2%2Fcategories&post=9951"},{"taxonomy":"post_tag","embeddable":true,"href":"https:\/\/noticiasregionais.com.br\/index.php?rest_route=%2Fwp%2Fv2%2Ftags&post=9951"}],"curies":[{"name":"wp","href":"https:\/\/api.w.org\/{rel}","templated":true}]}}