{"id":996,"date":"2023-10-26T20:54:45","date_gmt":"2023-10-26T23:54:45","guid":{"rendered":"https:\/\/noticiasregionais.com.br\/?p=996"},"modified":"2023-10-26T20:54:56","modified_gmt":"2023-10-26T23:54:56","slug":"vereadora-afirma-e-um-desrespeito-com-o-poder-legislativo-a-forma-como-veio-a-resposta-sobre-recursos-da-fapi","status":"publish","type":"post","link":"https:\/\/noticiasregionais.com.br\/?p=996","title":{"rendered":"Vereadora afirma &#8220;\u00c9 um desrespeito com o Poder Legislativo a forma como veio a resposta&#8221; sobre recursos da FAPI."},"content":{"rendered":"\n<p class=\"has-text-align-center\"><strong>Roberta do Enfrente reitera pedido de informa\u00e7\u00f5es sobre a destina\u00e7\u00e3o dos recursos economizados com a n\u00e3o realiza\u00e7\u00e3o da FAPI<\/strong>.<\/p>\n\n\n\n<p>Durante a 36\u00aa Sess\u00e3o Ordin\u00e1ria, a vereadora Roberta do Enfrente! apresentou o Requerimento n\u00ba 1594\/2023 reiterando o Requerimento n\u00ba 1.118\/2023, que solicita informa\u00e7\u00f5es sobre a n\u00e3o realiza\u00e7\u00e3o da FAPI nesse ano e a informa\u00e7\u00e3o, amplamente divulgada pela gest\u00e3o municipal, de que o investimento financeiro na Feira seria direcionado para a pol\u00edtica municipal de sa\u00fade para realiza\u00e7\u00e3o de cirurgias eletivas.<\/p>\n\n\n\n<p>\u201c\u00c9 um desrespeito com o Poder Legislativo a forma como veio a resposta. Essa quest\u00e3o foi divulgada pelo Prefeito, por meio de Nota Oficial dizendo que os recursos do patroc\u00ednio da FAPI seriam investidos em cirurgias eletivas. A\u00ed vem um Secret\u00e1rio Adjunto e escreve que n\u00e3o pode responder porque a FAPI \u00e9 realizada por entidades do terceiro setor, contradizendo o pr\u00f3prio gestor municipal. Por isso, estamos mais uma vez reiterando\u201d, relatou a vereadora.<\/p>\n\n\n\n<p>Roberta questionou qual seria a dificuldade dos Requerimentos serem respondidos corretamente. \u201cEstamos fiscalizando os servi\u00e7os p\u00fablicos apresentando Requerimentos importantes. Os Requerimentos s\u00e3o enviados ao Prefeito e de l\u00e1 devem ser encaminhados para as Secretarias, isso \u00e9 o trabalho do poder executivo, n\u00e3o nosso. \u00c9 muito desrespeito, agem de forma relapsa com as respostas\u201d.<\/p>\n\n\n\n<p>Por fim, a vereadora citou a publica\u00e7\u00e3o no Di\u00e1rio Oficial com o extrato de patroc\u00ednio da FAPI. \u201cA publica\u00e7\u00e3o de 31 de maio de 2022 menciona o valor de R$2.556.000,00 em patroc\u00ednio, foi cancelada a festa, anunciado que os recursos iriam para cirurgias eletivas, ent\u00e3o qual a dificuldade de responder corretamente o Requerimento?\u201d.<\/p>\n\n\n\n<p><strong><sub>fonte: Assessoria de Comunica\u00e7\u00e3o da C\u00e2mara Municipal de Ourinhos<\/sub><\/strong><\/p>\n<input type=\"hidden\" id=\"baseurl\" value=\"https:\/\/noticiasregionais.com.br\"><input type=\"hidden\" id=\"audio_nonce\" value=\"533fbb67b1\">","protected":false},"excerpt":{"rendered":"<p>Roberta do Enfrente reitera pedido de informa\u00e7\u00f5es sobre a destina\u00e7\u00e3o dos recursos economizados com a n\u00e3o realiza\u00e7\u00e3o da FAPI. Durante&hellip;<\/p>\n","protected":false},"author":1,"featured_media":939,"comment_status":"closed","ping_status":"open","sticky":false,"template":"","format":"standard","meta":{"sfsi_plus_gutenberg_text_before_share":"","sfsi_plus_gutenberg_show_text_before_share":"","sfsi_plus_gutenberg_icon_type":"","sfsi_plus_gutenberg_icon_alignemt":"","sfsi_plus_gutenburg_max_per_row":"","footnotes":""},"categories":[5,12,1],"tags":[],"class_list":["post-996","post","type-post","status-publish","format-standard","has-post-thumbnail","hentry","category-ourinhos","category-capa","category-noticias"],"_links":{"self":[{"href":"https:\/\/noticiasregionais.com.br\/index.php?rest_route=\/wp\/v2\/posts\/996","targetHints":{"allow":["GET"]}}],"collection":[{"href":"https:\/\/noticiasregionais.com.br\/index.php?rest_route=\/wp\/v2\/posts"}],"about":[{"href":"https:\/\/noticiasregionais.com.br\/index.php?rest_route=\/wp\/v2\/types\/post"}],"author":[{"embeddable":true,"href":"https:\/\/noticiasregionais.com.br\/index.php?rest_route=\/wp\/v2\/users\/1"}],"replies":[{"embeddable":true,"href":"https:\/\/noticiasregionais.com.br\/index.php?rest_route=%2Fwp%2Fv2%2Fcomments&post=996"}],"version-history":[{"count":1,"href":"https:\/\/noticiasregionais.com.br\/index.php?rest_route=\/wp\/v2\/posts\/996\/revisions"}],"predecessor-version":[{"id":997,"href":"https:\/\/noticiasregionais.com.br\/index.php?rest_route=\/wp\/v2\/posts\/996\/revisions\/997"}],"wp:featuredmedia":[{"embeddable":true,"href":"https:\/\/noticiasregionais.com.br\/index.php?rest_route=\/wp\/v2\/media\/939"}],"wp:attachment":[{"href":"https:\/\/noticiasregionais.com.br\/index.php?rest_route=%2Fwp%2Fv2%2Fmedia&parent=996"}],"wp:term":[{"taxonomy":"category","embeddable":true,"href":"https:\/\/noticiasregionais.com.br\/index.php?rest_route=%2Fwp%2Fv2%2Fcategories&post=996"},{"taxonomy":"post_tag","embeddable":true,"href":"https:\/\/noticiasregionais.com.br\/index.php?rest_route=%2Fwp%2Fv2%2Ftags&post=996"}],"curies":[{"name":"wp","href":"https:\/\/api.w.org\/{rel}","templated":true}]}}