{"id":9961,"date":"2025-09-22T14:39:21","date_gmt":"2025-09-22T17:39:21","guid":{"rendered":"https:\/\/noticiasregionais.com.br\/?p=9961"},"modified":"2025-09-22T14:39:37","modified_gmt":"2025-09-22T17:39:37","slug":"apresentacoes-do-teatro-portatil-devem-receber-cerca-de-400-alunos-da-rede-municipal-em-ourinhos","status":"publish","type":"post","link":"https:\/\/noticiasregionais.com.br\/?p=9961","title":{"rendered":"Apresenta\u00e7\u00f5es do \u201cTeatro Port\u00e1til\u201d devem receber cerca de 400 alunos da rede municipal em Ourinhos"},"content":{"rendered":"\n<p>No pr\u00f3ximo dia 26 de setembro, Ourinhos ser\u00e1 palco de uma programa\u00e7\u00e3o especial voltada \u00e0 educa\u00e7\u00e3o ambiental por meio da arte. A Prefeitura, em parceria com a Secretaria Municipal da Educa\u00e7\u00e3o, promover\u00e1 a apresenta\u00e7\u00e3o do projeto <strong>\u201cTeatro Port\u00e1til\u201d<\/strong>, da Cia. Pia Fraus, para aproximadamente 400 estudantes das EMEIs Vin\u00edcius de Moraes e Pacheco Chaves e das EMEFs Paulo Freire e Jorge Herkrath.<\/p>\n\n\n\n<p>O espet\u00e1culo escolhido \u00e9 <strong>\u201cBichos Vermelhos\u201d<\/strong>, que combina humor, poesia e recursos visuais para abordar a preserva\u00e7\u00e3o da fauna e flora brasileiras. A montagem conta com tr\u00eas atores em cena e mais de 20 bonecos, proporcionando uma experi\u00eancia l\u00fadica e educativa ao p\u00fablico infantil.<\/p>\n\n\n\n<p>Criador do projeto, <strong>Beto Andreetta<\/strong> destacou a import\u00e2ncia da iniciativa: <em>\u201c\u00c9 gratificante levar o Teatro Port\u00e1til a tantas cidades e perceber que, enquanto se divertem, as crian\u00e7as aprendem sobre o cuidado com o planeta desde cedo\u201d<\/em>.<\/p>\n\n\n\n<p>Com estreia em 2017, a pe\u00e7a j\u00e1 conquistou reconhecimento nacional, incluindo o <strong>Pr\u00eamio S\u00e3o Paulo de Incentivo ao Teatro Jovem de 2018<\/strong>, na categoria Melhor Trilha Adaptada. A dire\u00e7\u00e3o e a trilha sonora s\u00e3o assinadas por <strong>Adriana Telg<\/strong>, e a obra tem inspira\u00e7\u00e3o no livro hom\u00f4nimo de <strong>Lina Rosa<\/strong>.<\/p>\n\n\n\n<p>As apresenta\u00e7\u00f5es s\u00e3o gratuitas e abertas ao p\u00fablico, com sess\u00f5es programadas para \u00e0s <strong>10h, 11h, 13h30 e 15h<\/strong>, no <strong>Parque Olavo Ferreira de S\u00e1<\/strong>.<\/p>\n\n\n\n<figure class=\"wp-block-image size-large\"><img decoding=\"async\" width=\"1024\" height=\"683\" src=\"https:\/\/noticiasregionais.com.br\/wp-content\/uploads\/2025\/09\/WhatsApp-Image-2025-09-22-at-08.55.42-1024x683.jpeg\" alt=\"\" class=\"wp-image-9963\" srcset=\"https:\/\/noticiasregionais.com.br\/wp-content\/uploads\/2025\/09\/WhatsApp-Image-2025-09-22-at-08.55.42-1024x683.jpeg 1024w, https:\/\/noticiasregionais.com.br\/wp-content\/uploads\/2025\/09\/WhatsApp-Image-2025-09-22-at-08.55.42-300x200.jpeg 300w, https:\/\/noticiasregionais.com.br\/wp-content\/uploads\/2025\/09\/WhatsApp-Image-2025-09-22-at-08.55.42-768x512.jpeg 768w, https:\/\/noticiasregionais.com.br\/wp-content\/uploads\/2025\/09\/WhatsApp-Image-2025-09-22-at-08.55.42-1536x1024.jpeg 1536w, https:\/\/noticiasregionais.com.br\/wp-content\/uploads\/2025\/09\/WhatsApp-Image-2025-09-22-at-08.55.42.jpeg 1600w\" sizes=\"(max-width: 1024px) 100vw, 1024px\" \/><\/figure>\n<input type=\"hidden\" id=\"baseurl\" value=\"https:\/\/noticiasregionais.com.br\"><input type=\"hidden\" id=\"audio_nonce\" value=\"533fbb67b1\">","protected":false},"excerpt":{"rendered":"<p>No pr\u00f3ximo dia 26 de setembro, Ourinhos ser\u00e1 palco de uma programa\u00e7\u00e3o especial voltada \u00e0 educa\u00e7\u00e3o ambiental por meio da&hellip;<\/p>\n","protected":false},"author":1,"featured_media":9962,"comment_status":"closed","ping_status":"open","sticky":false,"template":"","format":"standard","meta":{"sfsi_plus_gutenberg_text_before_share":"","sfsi_plus_gutenberg_show_text_before_share":"","sfsi_plus_gutenberg_icon_type":"","sfsi_plus_gutenberg_icon_alignemt":"","sfsi_plus_gutenburg_max_per_row":"","footnotes":""},"categories":[10,1,5],"tags":[16],"class_list":["post-9961","post","type-post","status-publish","format-standard","has-post-thumbnail","hentry","category-destaques","category-noticias","category-ourinhos","tag-ourinhos"],"_links":{"self":[{"href":"https:\/\/noticiasregionais.com.br\/index.php?rest_route=\/wp\/v2\/posts\/9961","targetHints":{"allow":["GET"]}}],"collection":[{"href":"https:\/\/noticiasregionais.com.br\/index.php?rest_route=\/wp\/v2\/posts"}],"about":[{"href":"https:\/\/noticiasregionais.com.br\/index.php?rest_route=\/wp\/v2\/types\/post"}],"author":[{"embeddable":true,"href":"https:\/\/noticiasregionais.com.br\/index.php?rest_route=\/wp\/v2\/users\/1"}],"replies":[{"embeddable":true,"href":"https:\/\/noticiasregionais.com.br\/index.php?rest_route=%2Fwp%2Fv2%2Fcomments&post=9961"}],"version-history":[{"count":1,"href":"https:\/\/noticiasregionais.com.br\/index.php?rest_route=\/wp\/v2\/posts\/9961\/revisions"}],"predecessor-version":[{"id":9964,"href":"https:\/\/noticiasregionais.com.br\/index.php?rest_route=\/wp\/v2\/posts\/9961\/revisions\/9964"}],"wp:featuredmedia":[{"embeddable":true,"href":"https:\/\/noticiasregionais.com.br\/index.php?rest_route=\/wp\/v2\/media\/9962"}],"wp:attachment":[{"href":"https:\/\/noticiasregionais.com.br\/index.php?rest_route=%2Fwp%2Fv2%2Fmedia&parent=9961"}],"wp:term":[{"taxonomy":"category","embeddable":true,"href":"https:\/\/noticiasregionais.com.br\/index.php?rest_route=%2Fwp%2Fv2%2Fcategories&post=9961"},{"taxonomy":"post_tag","embeddable":true,"href":"https:\/\/noticiasregionais.com.br\/index.php?rest_route=%2Fwp%2Fv2%2Ftags&post=9961"}],"curies":[{"name":"wp","href":"https:\/\/api.w.org\/{rel}","templated":true}]}}