{"id":9971,"date":"2025-09-23T04:30:00","date_gmt":"2025-09-23T07:30:00","guid":{"rendered":"https:\/\/noticiasregionais.com.br\/?p=9971"},"modified":"2025-09-23T04:30:00","modified_gmt":"2025-09-23T07:30:00","slug":"soja-e-trigo-hoje-confira-as-cotacoes-para-terca-feira-23","status":"publish","type":"post","link":"https:\/\/noticiasregionais.com.br\/?p=9971","title":{"rendered":"Soja e trigo hoje: confira as cota\u00e7\u00f5es para ter\u00e7a-feira (23)"},"content":{"rendered":"<p>\t\t\t\t\t\t\t\t\t\t<audio controls class=\"b61_audio_player\" data-noticia=\"84759\" src=\"https:\/\/brasil61.com\/rails\/active_storage\/blobs\/eyJfcmFpbHMiOnsibWVzc2FnZSI6IkJBaHBBeXFlQXc9PSIsImV4cCI6bnVsbCwicHVyIjoiYmxvYl9pZCJ9fQ==--8e476756da5bee59c2f5ef4607af7255c1ce4bf6\/PAGR255809B\"><\/audio><\/p>\n<p>O valor da saca de 60 kg da <strong>soja abre esta<\/strong>\u00a0ter\u00e7a-feira (23) em\u00a0<strong>queda <\/strong>tanto no interior do Paran\u00e1 quanto no litoral do estado, em Paranagu\u00e1.\u00a0<\/p>\n<p>Na primeira regi\u00e3o, o gr\u00e3o teve <strong>baixa de 1,14%<\/strong> e \u00e9 negociado a <strong>R$ 132,16<\/strong>; na segunda, o <strong>reajuste <\/strong>foi <strong>de 1,55%<\/strong>, com a mercadoria cotada a <strong>R$ 137,17<\/strong>.<\/p>\n<p><strong>INDICADOR DA SOJA CEPEA\/ESALQ &#8211; PARAN\u00c1<\/strong><\/p>\n<table>\n<thead>\n<tr>\n<th>Data<\/th>\n<th>Valor R$*<\/th>\n<th>Var.\/Dia<\/th>\n<th>Var.\/M\u00eas<\/th>\n<th>Valor US$<\/th>\n<\/tr>\n<\/thead>\n<tbody>\n<tr>\n<td>22\/09\/2025<\/td>\n<td>132,16<\/td>\n<td>-1,14%<\/td>\n<td>-1,56%<\/td>\n<td>24,76<\/td>\n<\/tr>\n<tr>\n<td>19\/09\/2025<\/td>\n<td>133,69<\/td>\n<td>-0,37%<\/td>\n<td>-0,42%<\/td>\n<td>25,13<\/td>\n<\/tr>\n<tr>\n<td>18\/09\/2025<\/td>\n<td>134,18<\/td>\n<td>-0,22%<\/td>\n<td>-0,05%<\/td>\n<td>25,27<\/td>\n<\/tr>\n<tr>\n<td>17\/09\/2025<\/td>\n<td>134,48<\/td>\n<td>0,27%<\/td>\n<td>0,17%<\/td>\n<td>25,38<\/td>\n<\/tr>\n<tr>\n<td>16\/09\/2025<\/td>\n<td>134,12<\/td>\n<td>-0,75%<\/td>\n<td>-0,10%<\/td>\n<td>25,32<\/td>\n<\/tr>\n<\/tbody>\n<\/table>\n<p><strong>INDICADOR DA SOJA CEPEA\/ESALQ &#8211; PARANAGU\u00c1<\/strong><\/p>\n<table>\n<thead>\n<tr>\n<th>Data<\/th>\n<th>Valor R$*<\/th>\n<th>Var.\/Dia<\/th>\n<th>Var.\/M\u00eas<\/th>\n<th>Valor US$<\/th>\n<\/tr>\n<\/thead>\n<tbody>\n<tr>\n<td>22\/09\/2025<\/td>\n<td>137,17<\/td>\n<td>-1,55%<\/td>\n<td>-1,71%<\/td>\n<td>25,70<\/td>\n<\/tr>\n<tr>\n<td>19\/09\/2025<\/td>\n<td>139,33<\/td>\n<td>-0,34%<\/td>\n<td>-0,16%<\/td>\n<td>26,19<\/td>\n<\/tr>\n<tr>\n<td>18\/09\/2025<\/td>\n<td>139,81<\/td>\n<td>-0,34%<\/td>\n<td>0,18%<\/td>\n<td>26,33<\/td>\n<\/tr>\n<tr>\n<td>17\/09\/2025<\/td>\n<td>140,29<\/td>\n<td>0,08%<\/td>\n<td>0,52%<\/td>\n<td>26,48<\/td>\n<\/tr>\n<tr>\n<td>16\/09\/2025<\/td>\n<td>140,18<\/td>\n<td>-0,35%<\/td>\n<td>0,44%<\/td>\n<td>26,46<\/td>\n<\/tr>\n<\/tbody>\n<\/table>\n<h2>Trigo<\/h2>\n<p>O pre\u00e7o do <strong>trigo<\/strong>, por sua vez, registra <strong>desvaloriza\u00e7\u00e3o de 0,94% no Paran\u00e1 e de 0,41% no Rio Grande do Sul<\/strong>.<strong>\u00a0<\/strong>No primeiro estado, a tonelada\u00a0\u00e9 vendida a<strong> R$ 1.284,76<\/strong>, enquanto no segundo \u00e9 comercializada a<strong> R$ 1.251,62<\/strong>.<\/p>\n<p><strong>PRE\u00c7O M\u00c9DIO DO TRIGO CEPEA\/ESALQ &#8211; PARAN\u00c1<\/strong><\/p>\n<table>\n<thead>\n<tr>\n<th>Data<\/th>\n<th>Valor R$\/t*<\/th>\n<th>Var.\/Dia<\/th>\n<th>Var.\/M\u00eas<\/th>\n<th>Valor US$\/t*<\/th>\n<\/tr>\n<\/thead>\n<tbody>\n<tr>\n<td>22\/09\/2025<\/td>\n<td>1.284,76<\/td>\n<td>-0,94%<\/td>\n<td>-8,77%<\/td>\n<td>240,73<\/td>\n<\/tr>\n<tr>\n<td>19\/09\/2025<\/td>\n<td>1.296,89<\/td>\n<td>-3,18%<\/td>\n<td>-7,91%<\/td>\n<td>243,78<\/td>\n<\/tr>\n<tr>\n<td>18\/09\/2025<\/td>\n<td>1.339,47<\/td>\n<td>-1,41%<\/td>\n<td>-4,89%<\/td>\n<td>252,26<\/td>\n<\/tr>\n<tr>\n<td>17\/09\/2025<\/td>\n<td>1.358,62<\/td>\n<td>-0,93%<\/td>\n<td>-3,53%<\/td>\n<td>256,39<\/td>\n<\/tr>\n<tr>\n<td>16\/09\/2025<\/td>\n<td>1.371,39<\/td>\n<td>-0,89%<\/td>\n<td>-2,62%<\/td>\n<td>258,85<\/td>\n<\/tr>\n<\/tbody>\n<\/table>\n<p><strong>PRE\u00c7O M\u00c9DIO DO TRIGO CEPEA\/ESALQ &#8211; RIO GRANDE DO SUL<\/strong><\/p>\n<table>\n<thead>\n<tr>\n<th>Data<\/th>\n<th>Valor R$\/t*<\/th>\n<th>Var.\/Dia<\/th>\n<th>Var.\/M\u00eas<\/th>\n<th>Valor US$\/t*<\/th>\n<\/tr>\n<\/thead>\n<tbody>\n<tr>\n<td>22\/09\/2025<\/td>\n<td>1.251,62<\/td>\n<td>-0,41%<\/td>\n<td>-2,51%<\/td>\n<td>234,52<\/td>\n<\/tr>\n<tr>\n<td>19\/09\/2025<\/td>\n<td>1.256,83<\/td>\n<td>-0,28%<\/td>\n<td>-2,11%<\/td>\n<td>236,25<\/td>\n<\/tr>\n<tr>\n<td>18\/09\/2025<\/td>\n<td>1.260,31<\/td>\n<td>-0,05%<\/td>\n<td>-1,84%<\/td>\n<td>237,35<\/td>\n<\/tr>\n<tr>\n<td>17\/09\/2025<\/td>\n<td>1.260,88<\/td>\n<td>-0,68%<\/td>\n<td>-1,79%<\/td>\n<td>237,95<\/td>\n<\/tr>\n<tr>\n<td>16\/09\/2025<\/td>\n<td>1.269,45<\/td>\n<td>0,17%<\/td>\n<td>-1,12%<\/td>\n<td>239,61<\/td>\n<\/tr>\n<\/tbody>\n<\/table>\n<p>Os valores s\u00e3o do <a href=\"http:\/\/www.cepea.org.br\" target=\"_blank\" rel=\"noopener\">Cepea<\/a>.<\/p>\n<h2>O que \u00e9 uma saca de soja ou de trigo? Entenda a unidade de medida no mercado de gr\u00e3os<\/h2>\n<p>A saca de soja e a saca de trigo s\u00e3o as principais unidades de comercializa\u00e7\u00e3o de gr\u00e3os no Brasil. Cada saca equivale a 60 quilos, padr\u00e3o adotado por \u00f3rg\u00e3os oficiais como a <strong>Companhia Nacional de Abastecimento (<a href=\"https:\/\/www.gov.br\/conab\/pt-br\" target=\"_blank\" rel=\"noopener\">Conab<\/a>)<\/strong>, o<strong> Minist\u00e9rio da Agricultura (<a href=\"http:\/\/www.gov.br\/agricultura\/pt-br\" target=\"_blank\" rel=\"noopener\">MAPA<\/a>)<\/strong> e o<strong> Centro de Estudos Avan\u00e7ados em Economia Aplicada (<a href=\"http:\/\/www.cepea.org.br\" target=\"_blank\" rel=\"noopener\">Cepea<\/a>)<\/strong>.<\/p>\n<p>Esse formato padronizado facilita o com\u00e9rcio da soja e do trigo, al\u00e9m de permitir um acompanhamento mais preciso das cota\u00e7\u00f5es e varia\u00e7\u00f5es de pre\u00e7os no mercado nacional.<\/p>\n<p>\t\t\t\t\t\t\t\t\t<img decoding=\"async\" src=\"https:\/\/brasil61.com\/api\/v1\/serve_pixel\/22254\/84759\" alt=\"Pixel Brasil 61\" class=\"b61_pixel\" width=\"0\" height=\"0\"><\/p>\n<div class=\"br61_backlink\">\n<p>\n\t\t\t\tFonte: <a href=\"https:\/\/brasil61.com\/soja-e-trigo-hoje-confira-as-cotacoes-para-terca-feira-23-pagr255809\" title=\"Artigo Original: Soja e trigo hoje: confira as cota\u00e7\u00f5es para ter\u00e7a-feira (23)\" target=\"_blank\" rel=\"noopener\">Brasil 61<\/a>\n\t\t\t<\/p>\n<\/p><\/div>\n<input type=\"hidden\" id=\"baseurl\" value=\"https:\/\/noticiasregionais.com.br\"><input type=\"hidden\" id=\"audio_nonce\" value=\"296231ceac\">","protected":false},"excerpt":{"rendered":"<p>A soja apresenta baixa no Paran\u00e1 e em Paranagu\u00e1; o trigo, por sua vez, aponta desvaloriza\u00e7\u00e3o no Rio Grande do Sul e no Paran\u00e1<\/p>\n","protected":false},"author":1,"featured_media":9972,"comment_status":"","ping_status":"open","sticky":false,"template":"","format":"standard","meta":{"sfsi_plus_gutenberg_text_before_share":"","sfsi_plus_gutenberg_show_text_before_share":"","sfsi_plus_gutenberg_icon_type":"","sfsi_plus_gutenberg_icon_alignemt":"","sfsi_plus_gutenburg_max_per_row":"","footnotes":""},"categories":[8],"tags":[],"class_list":["post-9971","post","type-post","status-publish","format-standard","has-post-thumbnail","hentry","category-brasil"],"_links":{"self":[{"href":"https:\/\/noticiasregionais.com.br\/index.php?rest_route=\/wp\/v2\/posts\/9971","targetHints":{"allow":["GET"]}}],"collection":[{"href":"https:\/\/noticiasregionais.com.br\/index.php?rest_route=\/wp\/v2\/posts"}],"about":[{"href":"https:\/\/noticiasregionais.com.br\/index.php?rest_route=\/wp\/v2\/types\/post"}],"author":[{"embeddable":true,"href":"https:\/\/noticiasregionais.com.br\/index.php?rest_route=\/wp\/v2\/users\/1"}],"replies":[{"embeddable":true,"href":"https:\/\/noticiasregionais.com.br\/index.php?rest_route=%2Fwp%2Fv2%2Fcomments&post=9971"}],"version-history":[{"count":0,"href":"https:\/\/noticiasregionais.com.br\/index.php?rest_route=\/wp\/v2\/posts\/9971\/revisions"}],"wp:featuredmedia":[{"embeddable":true,"href":"https:\/\/noticiasregionais.com.br\/index.php?rest_route=\/wp\/v2\/media\/9972"}],"wp:attachment":[{"href":"https:\/\/noticiasregionais.com.br\/index.php?rest_route=%2Fwp%2Fv2%2Fmedia&parent=9971"}],"wp:term":[{"taxonomy":"category","embeddable":true,"href":"https:\/\/noticiasregionais.com.br\/index.php?rest_route=%2Fwp%2Fv2%2Fcategories&post=9971"},{"taxonomy":"post_tag","embeddable":true,"href":"https:\/\/noticiasregionais.com.br\/index.php?rest_route=%2Fwp%2Fv2%2Ftags&post=9971"}],"curies":[{"name":"wp","href":"https:\/\/api.w.org\/{rel}","templated":true}]}}