{"id":9973,"date":"2025-09-23T04:05:00","date_gmt":"2025-09-23T07:05:00","guid":{"rendered":"https:\/\/noticiasregionais.com.br\/?p=9973"},"modified":"2025-09-23T04:05:00","modified_gmt":"2025-09-23T07:05:00","slug":"fns-municipios-e-estados-tem-ate-31-12-para-usar-saldos-do-fundo","status":"publish","type":"post","link":"https:\/\/noticiasregionais.com.br\/?p=9973","title":{"rendered":"FNS: Munic\u00edpios e estados t\u00eam at\u00e9 31\/12 para usar saldos do fundo"},"content":{"rendered":"<p>\t\t\t\t\t\t\t\t\t\t<audio controls class=\"b61_audio_player\" data-noticia=\"84745\" src=\"https:\/\/brasil61.com\/rails\/active_storage\/blobs\/eyJfcmFpbHMiOnsibWVzc2FnZSI6IkJBaHBBd1NlQXc9PSIsImV4cCI6bnVsbCwicHVyIjoiYmxvYl9pZCJ9fQ==--a6f65ee1af66ba18acacceb04a8fd0ba3faf3856\/BRAS2514763A\"><\/audio><\/p>\n<p>Munic\u00edpios, estados e o Distrito Federal t\u00eam at\u00e9 31 de dezembro para realizar a <strong>transposi\u00e7\u00e3o e a transfer\u00eancia de saldos financeiros do <a href=\"https:\/\/portalfns.saude.gov.br\/\" target=\"_blank\" rel=\"noopener\">Fundo Nacional de Sa\u00fade (FNS)<\/a>.\u00a0<\/strong>O prazo foi prorrogado pela <strong><a href=\"http:\/\/www2.camara.leg.br\/legin\/fed\/leicom\/2025\/leicomplementar-217-18-setembro-2025-797998-norma-pl.html\" target=\"_blank\" rel=\"noopener\">Lei Complementar n\u00ba 217\/2025<\/a><\/strong>, sancionada com veto parcial pelo presidente Luiz In\u00e1cio Lula da Silva.<\/p>\n<p data-end=\"651\" data-start=\"473\">A medida flexibiliza a aplica\u00e7\u00e3o dos recursos, permitindo que sejam utilizados em a\u00e7\u00f5es de sa\u00fade \u2013\u00a0ainda que com destina\u00e7\u00e3o diferente da original \u2013,\u00a0mas sempre dentro do setor.<\/p>\n<p>Segundo <a href=\"https:\/\/cnm.org.br\/comunicacao\/noticias\/conquista-sancionada-legislacao-que-prorroga-uso-de-saldos-da-saude-ate-dezembro-de-2025\" target=\"_blank\" rel=\"noopener\">levantamento <\/a>da <strong>Confedera\u00e7\u00e3o Nacional de Munic\u00edpios<\/strong> (<a href=\"https:\/\/cnm.org.br\/\" target=\"_blank\" rel=\"noopener\">CNM<\/a>), divulgado em 9 de setembro, havia mais de <strong>R$12 bilh\u00f5es na\u00a0Conta Custeio SUS<\/strong>. Al\u00e9m disso, nas contas antigas permanecem mais de R$ 400 milh\u00f5es que, sem a prorroga\u00e7\u00e3o, ficariam indispon\u00edveis para uso.<\/p>\n<p><u><strong>VEJA MAIS:<\/strong><\/u><\/p>\n<ul>\n<li><a href=\"https:\/\/brasil61.com\/n\/municipios-gastaram-r-57-4-bilhoes-acima-do-piso-constitucional-em-saude-em-2024-aponta-cnm-bras2514689\" target=\"_blank\" rel=\"noopener\">Munic\u00edpios gastaram R$ 57,4 bilh\u00f5es acima do piso constitucional em sa\u00fade em 2024, aponta CNM<\/a><\/li>\n<\/ul>\n<p><span style=\"font-size:18px\">Veto presidencial<\/span><\/p>\n<p>A san\u00e7\u00e3o parcial veta a utiliza\u00e7\u00e3o de recursos destinados ao combate<strong> \u00e0 pandemia de Covid-19.<\/strong> O governo justificou a decis\u00e3o alegando que a medida contr\u00e1ria o <a href=\"https:\/\/legis.senado.leg.br\/norma\/604119\/publicacao\/16434816\" target=\"_blank\" rel=\"noopener\">artigo 137<\/a> do <strong>Ato das Disposi\u00e7\u00f5es Constitucionais Transit\u00f3rias (ADCT)<\/strong>, que estabelece limite para aplica\u00e7\u00e3o dessas verbas. O veto ser\u00e1 analisado pelo Congresso Nacional, que pode mant\u00ea-lo ou derrub\u00e1-lo por maioria absoluta.<\/p>\n<p>Originada do <a href=\"https:\/\/www25.senado.leg.br\/web\/atividade\/materias\/-\/materia\/167714\" target=\"_blank\" rel=\"noopener\">PLP 58\/2025<\/a>, a nova legisla\u00e7\u00e3o garante mais f\u00f4lego financeiro para estados e munic\u00edpios quitarem saldos antigos e ampliarem a execu\u00e7\u00e3o de pol\u00edticas de sa\u00fade at\u00e9 o final do pr\u00f3ximo ano.<\/p>\n<p><span style=\"font-size:11px\"><a href=\"https:\/\/www12.senado.leg.br\/noticias\/materias\/2025\/09\/19\/sancionada-lei-que-amplia-ate-dezembro-prazo-para-uso-de-recursos-da-saude\" target=\"_blank\" rel=\"noopener\"><em>Com informa\u00e7\u00f5es da Ag\u00eancia Senado.\u00a0<\/em><\/a><\/span><br \/>\n\u00a0<\/p>\n<p>\t\t\t\t\t\t\t\t\t<img decoding=\"async\" src=\"https:\/\/brasil61.com\/api\/v1\/serve_pixel\/22254\/84745\" alt=\"Pixel Brasil 61\" class=\"b61_pixel\" width=\"0\" height=\"0\"><\/p>\n<div class=\"br61_backlink\">\n<p>\n\t\t\t\tFonte: <a href=\"https:\/\/brasil61.com\/fns-municipios-e-estados-tem-ate-31-12-para-usar-saldos-do-fundo-bras2514763\" title=\"Artigo Original: FNS: Munic\u00edpios e estados t\u00eam at\u00e9 31\/12 para usar saldos do fundo\" target=\"_blank\" rel=\"noopener\">Brasil 61<\/a>\n\t\t\t<\/p>\n<\/p><\/div>\n<input type=\"hidden\" id=\"baseurl\" value=\"https:\/\/noticiasregionais.com.br\"><input type=\"hidden\" id=\"audio_nonce\" value=\"533fbb67b1\">","protected":false},"excerpt":{"rendered":"<p>Com a prorroga\u00e7\u00e3o, verbas podem ser usadas em a\u00e7\u00f5es de sa\u00fade; Pprorroga\u00e7\u00e3o foi feita pela Lei Complementar n\u00ba 217\/2025, sancionada pela Presid\u00eancia da Rep\u00fablica <\/p>\n","protected":false},"author":1,"featured_media":9974,"comment_status":"","ping_status":"open","sticky":false,"template":"","format":"standard","meta":{"sfsi_plus_gutenberg_text_before_share":"","sfsi_plus_gutenberg_show_text_before_share":"","sfsi_plus_gutenberg_icon_type":"","sfsi_plus_gutenberg_icon_alignemt":"","sfsi_plus_gutenburg_max_per_row":"","footnotes":""},"categories":[8],"tags":[],"class_list":["post-9973","post","type-post","status-publish","format-standard","has-post-thumbnail","hentry","category-brasil"],"_links":{"self":[{"href":"https:\/\/noticiasregionais.com.br\/index.php?rest_route=\/wp\/v2\/posts\/9973","targetHints":{"allow":["GET"]}}],"collection":[{"href":"https:\/\/noticiasregionais.com.br\/index.php?rest_route=\/wp\/v2\/posts"}],"about":[{"href":"https:\/\/noticiasregionais.com.br\/index.php?rest_route=\/wp\/v2\/types\/post"}],"author":[{"embeddable":true,"href":"https:\/\/noticiasregionais.com.br\/index.php?rest_route=\/wp\/v2\/users\/1"}],"replies":[{"embeddable":true,"href":"https:\/\/noticiasregionais.com.br\/index.php?rest_route=%2Fwp%2Fv2%2Fcomments&post=9973"}],"version-history":[{"count":0,"href":"https:\/\/noticiasregionais.com.br\/index.php?rest_route=\/wp\/v2\/posts\/9973\/revisions"}],"wp:featuredmedia":[{"embeddable":true,"href":"https:\/\/noticiasregionais.com.br\/index.php?rest_route=\/wp\/v2\/media\/9974"}],"wp:attachment":[{"href":"https:\/\/noticiasregionais.com.br\/index.php?rest_route=%2Fwp%2Fv2%2Fmedia&parent=9973"}],"wp:term":[{"taxonomy":"category","embeddable":true,"href":"https:\/\/noticiasregionais.com.br\/index.php?rest_route=%2Fwp%2Fv2%2Fcategories&post=9973"},{"taxonomy":"post_tag","embeddable":true,"href":"https:\/\/noticiasregionais.com.br\/index.php?rest_route=%2Fwp%2Fv2%2Ftags&post=9973"}],"curies":[{"name":"wp","href":"https:\/\/api.w.org\/{rel}","templated":true}]}}