{"id":9975,"date":"2025-09-23T04:25:00","date_gmt":"2025-09-23T07:25:00","guid":{"rendered":"https:\/\/noticiasregionais.com.br\/?p=9975"},"modified":"2025-09-23T04:25:00","modified_gmt":"2025-09-23T07:25:00","slug":"anunciados-r-117-bi-para-obras-de-drenagem-e-encostas-em-235-municipios","status":"publish","type":"post","link":"https:\/\/noticiasregionais.com.br\/?p=9975","title":{"rendered":"Anunciados R$ 11,7 bi para obras de drenagem e encostas em 235 munic\u00edpios"},"content":{"rendered":"<p>\t\t\t\t\t\t\t\t\t\t<audio controls class=\"b61_audio_player\" data-noticia=\"84749\" src=\"https:\/\/brasil61.com\/rails\/active_storage\/blobs\/eyJfcmFpbHMiOnsibWVzc2FnZSI6IkJBaHBBeCtlQXc9PSIsImV4cCI6bnVsbCwicHVyIjoiYmxvYl9pZCJ9fQ==--283ca1d6e41aa1900f5fc164c73ffa3fde359156\/BRAS2514766A\"><\/audio><\/p>\n<p>O Governo Federal anunciou <strong><a href=\"https:\/\/www.gov.br\/cidades\/pt-br\/assuntos\/noticias-1\/noticia-mcid-n-1584\" target=\"_blank\" rel=\"noopener\">R$ 11,7 bilh\u00f5es em investimentos <\/a>para a\u00e7\u00f5es voltadas \u00e0 prote\u00e7\u00e3o de comunidades vulner\u00e1veis que vivem em \u00e1reas de risco<\/strong>, al\u00e9m de refor\u00e7ar a capacidade do pa\u00eds a eventos clim\u00e1ticos extremos. <strong>Os recursos fazem parte do <a href=\"https:\/\/www.gov.br\/casacivil\/pt-br\/novopac\/selecoes2025\" target=\"_blank\" rel=\"noopener\">Novo PAC Sele\u00e7\u00f5es 2025<\/a><\/strong>, <strong>destinado \u00e0 drenagem e conten\u00e7\u00e3o de encostas<\/strong>, e beneficia<strong> 235 munic\u00edpios<\/strong> em 26 estados. As informa\u00e7\u00f5es s\u00e3o do <a href=\"https:\/\/www.gov.br\/cidades\/pt-br\" target=\"_blank\" rel=\"noopener\"><strong>Minist\u00e9rio das Cidades<\/strong><\/a>,<\/p>\n<p>Do montante, R$ 10,3 bilh\u00f5es ser\u00e3o destinados a obras de drenagem em 174 munic\u00edpios, enquanto R$ 1,4 bilh\u00e3o ser\u00e1 aplicado em projetos de conten\u00e7\u00e3o de encostas em 102 cidades. <strong>Os investimentos s\u00e3o provenientes do Or\u00e7amento Geral da Uni\u00e3o (OGU) e do Fundo de Garantia por Tempo de Servi\u00e7o (FGTS)<\/strong>.<\/p>\n<p>O ministro das Cidades, Jader Filho, destacou o impacto social das obras: \u201cquando falamos em obras de drenagem, \u00e9 n\u00e3o ver mais as \u00e1guas alagando as casas das pessoas, fazendo com que elas percam fog\u00e3o, geladeira e cama. Cuidar disso \u00e9 dar dignidade e seguran\u00e7a \u00e0s fam\u00edlias que sofrem com alagamentos em todas as regi\u00f5es do Brasil\u201d.<\/p>\n<p>Entre os projetos selecionados, destacam-se obras de macrodrenagem em <a href=\"https:\/\/www.duquedecaxias.rj.gov.br\/\" target=\"_blank\" rel=\"noopener\"><strong>Duque de Caxias (RJ)<\/strong><\/a>, com verbas de R$ 554 milh\u00f5es, e em <a href=\"https:\/\/www.camacari.ba.gov.br\/\" target=\"_blank\" rel=\"noopener\"><strong>Cama\u00e7ari (BA)<\/strong><\/a>, que receber\u00e1 R$ 240 milh\u00f5es. J\u00e1 entre os empreendimentos voltados \u00e0 conten\u00e7\u00e3o de encostas, est\u00e3o obras em <a href=\"https:\/\/santarem.pa.gov.br\/\" target=\"_blank\" rel=\"noopener\"><strong>Santar\u00e9m (PA)<\/strong><\/a>, com R$ 38 milh\u00f5es, e em <a href=\"https:\/\/www.olinda.pe.gov.br\/\" target=\"_blank\" rel=\"noopener\"><strong>Olinda (PE)<\/strong><\/a>, que contar\u00e1 com R$ 42 milh\u00f5es.<\/p>\n<p><u><strong>VEJA MAIS:<\/strong><\/u><\/p>\n<ul>\n<li><a href=\"https:\/\/brasil61.com\/n\/minha-casa-minha-vida-mais-de-2-mil-novas-moradias-comecam-a-sair-do-papel-bras2514733\" target=\"_blank\" rel=\"noopener\">Minha Casa, Minha Vida: mais de 2 mil novas moradias come\u00e7am a sair do papel<\/a><\/li>\n<\/ul>\n<p>\t\t\t\t\t\t\t\t\t<img decoding=\"async\" src=\"https:\/\/brasil61.com\/api\/v1\/serve_pixel\/22254\/84749\" alt=\"Pixel Brasil 61\" class=\"b61_pixel\" width=\"0\" height=\"0\"><\/p>\n<div class=\"br61_backlink\">\n<p>\n\t\t\t\tFonte: <a href=\"https:\/\/brasil61.com\/anunciados-r-11-7-bi-para-obras-de-drenagem-e-encostas-em-235-municipios-bras2514766\" title=\"Artigo Original: Anunciados R$ 11,7 bi para obras de drenagem e encostas em 235 munic\u00edpios\" target=\"_blank\" rel=\"noopener\">Brasil 61<\/a>\n\t\t\t<\/p>\n<\/p><\/div>\n<input type=\"hidden\" id=\"baseurl\" value=\"https:\/\/noticiasregionais.com.br\"><input type=\"hidden\" id=\"audio_nonce\" value=\"62e6e21d74\">","protected":false},"excerpt":{"rendered":"<p>Os recursos fazem parte do Novo PAC. Do montante, R$ 10,3 bilh\u00f5es ser\u00e3o destinados a drenagem, enquanto R$ 1,4 bilh\u00e3o ser\u00e1 aplicado em projetos de conten\u00e7\u00e3o de encostas<\/p>\n","protected":false},"author":1,"featured_media":9976,"comment_status":"","ping_status":"open","sticky":false,"template":"","format":"standard","meta":{"sfsi_plus_gutenberg_text_before_share":"","sfsi_plus_gutenberg_show_text_before_share":"","sfsi_plus_gutenberg_icon_type":"","sfsi_plus_gutenberg_icon_alignemt":"","sfsi_plus_gutenburg_max_per_row":"","footnotes":""},"categories":[8],"tags":[],"class_list":["post-9975","post","type-post","status-publish","format-standard","has-post-thumbnail","hentry","category-brasil"],"_links":{"self":[{"href":"https:\/\/noticiasregionais.com.br\/index.php?rest_route=\/wp\/v2\/posts\/9975","targetHints":{"allow":["GET"]}}],"collection":[{"href":"https:\/\/noticiasregionais.com.br\/index.php?rest_route=\/wp\/v2\/posts"}],"about":[{"href":"https:\/\/noticiasregionais.com.br\/index.php?rest_route=\/wp\/v2\/types\/post"}],"author":[{"embeddable":true,"href":"https:\/\/noticiasregionais.com.br\/index.php?rest_route=\/wp\/v2\/users\/1"}],"replies":[{"embeddable":true,"href":"https:\/\/noticiasregionais.com.br\/index.php?rest_route=%2Fwp%2Fv2%2Fcomments&post=9975"}],"version-history":[{"count":0,"href":"https:\/\/noticiasregionais.com.br\/index.php?rest_route=\/wp\/v2\/posts\/9975\/revisions"}],"wp:featuredmedia":[{"embeddable":true,"href":"https:\/\/noticiasregionais.com.br\/index.php?rest_route=\/wp\/v2\/media\/9976"}],"wp:attachment":[{"href":"https:\/\/noticiasregionais.com.br\/index.php?rest_route=%2Fwp%2Fv2%2Fmedia&parent=9975"}],"wp:term":[{"taxonomy":"category","embeddable":true,"href":"https:\/\/noticiasregionais.com.br\/index.php?rest_route=%2Fwp%2Fv2%2Fcategories&post=9975"},{"taxonomy":"post_tag","embeddable":true,"href":"https:\/\/noticiasregionais.com.br\/index.php?rest_route=%2Fwp%2Fv2%2Ftags&post=9975"}],"curies":[{"name":"wp","href":"https:\/\/api.w.org\/{rel}","templated":true}]}}