{"id":9977,"date":"2025-09-23T04:50:00","date_gmt":"2025-09-23T07:50:00","guid":{"rendered":"https:\/\/noticiasregionais.com.br\/?p=9977"},"modified":"2025-09-23T04:50:00","modified_gmt":"2025-09-23T07:50:00","slug":"latam-vai-receber-74-novas-aeronaves-da-embraer-a-partir-de-2026","status":"publish","type":"post","link":"https:\/\/noticiasregionais.com.br\/?p=9977","title":{"rendered":"LATAM vai receber 74 novas aeronaves da Embraer a partir de 2026"},"content":{"rendered":"<p>\t\t\t\t\t\t\t\t\t\t<audio controls class=\"b61_audio_player\" data-noticia=\"84761\" src=\"https:\/\/brasil61.com\/rails\/active_storage\/blobs\/eyJfcmFpbHMiOnsibWVzc2FnZSI6IkJBaHBBeGFlQXc9PSIsImV4cCI6bnVsbCwicHVyIjoiYmxvYl9pZCJ9fQ==--8749a16374ad879c0c9023b0b566ee34af81d48f\/MPOR250114A\"><\/audio><\/p>\n<p>A LATAM Airlines anunciou a <strong>compra de at\u00e9 74 aeronaves da Embraer em um dos maiores acordos recentes da avia\u00e7\u00e3o nacional.<\/strong> O investimento, estimado em cerca de<strong> US$ 2,1 bilh\u00f5es <\/strong>(R$ 11 bilh\u00f5es), prev\u00ea as primeiras entregas a partir de 2026. O pacote inclui 24 entregas confirmadas e 50 op\u00e7\u00f5es de compra.<\/p>\n<p>As unidades do modelo <strong>Embraer E195-E2<\/strong> \u00a0ser\u00e3o inicialmente destinadas \u00e0 Latam Airlines Brasil, com possibilidade de inclus\u00e3o de outras afiliadas do grupo.\u00a0<\/p>\n<p>Silvio Costa Filho, ministro de Portos e Aeroportos, comemorou o an\u00fancio. \u201cS\u00e3o mais de 10 bilh\u00f5es de investimentos que v\u00e3o gerar mais de 2 mil empregos diretos. Isso significa novos avi\u00f5es, novas rotas no pa\u00eds e, sobretudo, um olhar para o fortalecimento do turismo de neg\u00f3cios e do turismo de lazer. Vamos juntos cada vez mais trabalhar pelo fortalecimento e o crescimento na avia\u00e7\u00e3o do Brasil\u201d, afirmou.<\/p>\n<h2>Embraer E195-E2: sobre o modelo\u00a0<\/h2>\n<p>O E195-E2 possui tecnologia de ponta e re\u00fane custo competitivo por assento, maior efici\u00eancia no consumo de combust\u00edvel, configura\u00e7\u00e3o 2-2 e com aerodin\u00e2mica avan\u00e7ada. <strong>A aeronave proporciona at\u00e9 30% de redu\u00e7\u00e3o no consumo de combust\u00edvel por assento em compara\u00e7\u00e3o com modelos da gera\u00e7\u00e3o anterior.\u00a0<\/strong><\/p>\n<p>Em comunicado, o CEO do LATAM Airlines Group, Roberto Alvo, afirmou que a compra integra a pol\u00edtica de expans\u00e3o do grupo. Ele elogiou a efici\u00eancia e versatilidade do modelo, que permitir\u00e1 ampliar destinos, oferecer mais op\u00e7\u00f5es aos passageiros.\u00a0<\/p>\n<p>Atualmente, o grupo LATAM \u00e9 composto por 362 aeronaves: 283 Airbus narrow-bodies, 3 Airbus wide-bodies em leasing de curto prazo, 56 Boeing wide-bodies e 20 cargueiros Boeing.<\/p>\n<h2>Avia\u00e7\u00e3o civil: desenvolvimento e oferta de voos<\/h2>\n<p>O<a href=\"https:\/\/www.gov.br\/portos-e-aeroportos\/pt-br\" target=\"_blank\" rel=\"noopener\"> Minist\u00e9rio de Portos e Aeroportos<\/a> informa que tem trabalhado para consolidar o Brasil como refer\u00eancia em avia\u00e7\u00e3o regional e internacional. Em mar\u00e7o de 2024, Silvio Costa Filho se reuniu com a Embraer para debater estrat\u00e9gias de fomento \u00e0 ind\u00fastria aeron\u00e1utica nacional, destacando o impacto na gera\u00e7\u00e3o de empregos, inova\u00e7\u00e3o tecnol\u00f3gica e no desenvolvimento regional.<\/p>\n<p>Tamb\u00e9m segundo o comunicado oficial<strong>,<\/strong><strong>\u00a0o governo federal aprovou, no final de 2024, uma linha de cr\u00e9dito de R$ 4 bilh\u00f5es por meio do Fundo Nacional de Avia\u00e7\u00e3o Civil (FNAC).<\/strong> A medida apoia companhias a\u00e9reas brasileiras na aquisi\u00e7\u00e3o de aeronaves, motores e querosene de avia\u00e7\u00e3o, entre outros insumos.<\/p>\n<p>Essa iniciativa visa incentivar as empresas a ampliarem suas rotas, especialmente em aeroportos regionais, considerados cruciais para a conectividade nacional. A expectativa \u00e9 que o setor a\u00e9reo do pa\u00eds aumente significativamente a oferta de voos nos pr\u00f3ximos anos, tornando o transporte a\u00e9reo mais acess\u00edvel e integrado.<\/p>\n<p>\t\t\t\t\t\t\t\t\t<img decoding=\"async\" src=\"https:\/\/brasil61.com\/api\/v1\/serve_pixel\/22254\/84761\" alt=\"Pixel Brasil 61\" class=\"b61_pixel\" width=\"0\" height=\"0\"><\/p>\n<div class=\"br61_backlink\">\n<p>\n\t\t\t\tFonte: <a href=\"https:\/\/brasil61.com\/latam-vai-receber-74-novas-aeronaves-da-embraer-a-partir-de-2026-mpor250114\" title=\"Artigo Original: LATAM vai receber 74 novas aeronaves da Embraer a partir de 2026\" target=\"_blank\" rel=\"noopener\">Brasil 61<\/a>\n\t\t\t<\/p>\n<\/p><\/div>\n<input type=\"hidden\" id=\"baseurl\" value=\"https:\/\/noticiasregionais.com.br\"><input type=\"hidden\" id=\"audio_nonce\" value=\"296231ceac\">","protected":false},"excerpt":{"rendered":"<p>Acordo \u00e9 avaliado em cerca de US$ 2,1 bilh\u00f5es; primeiras entregas previstas para o segundo semestre de 2026<\/p>\n","protected":false},"author":1,"featured_media":9978,"comment_status":"","ping_status":"open","sticky":false,"template":"","format":"standard","meta":{"sfsi_plus_gutenberg_text_before_share":"","sfsi_plus_gutenberg_show_text_before_share":"","sfsi_plus_gutenberg_icon_type":"","sfsi_plus_gutenberg_icon_alignemt":"","sfsi_plus_gutenburg_max_per_row":"","footnotes":""},"categories":[8],"tags":[],"class_list":["post-9977","post","type-post","status-publish","format-standard","has-post-thumbnail","hentry","category-brasil"],"_links":{"self":[{"href":"https:\/\/noticiasregionais.com.br\/index.php?rest_route=\/wp\/v2\/posts\/9977","targetHints":{"allow":["GET"]}}],"collection":[{"href":"https:\/\/noticiasregionais.com.br\/index.php?rest_route=\/wp\/v2\/posts"}],"about":[{"href":"https:\/\/noticiasregionais.com.br\/index.php?rest_route=\/wp\/v2\/types\/post"}],"author":[{"embeddable":true,"href":"https:\/\/noticiasregionais.com.br\/index.php?rest_route=\/wp\/v2\/users\/1"}],"replies":[{"embeddable":true,"href":"https:\/\/noticiasregionais.com.br\/index.php?rest_route=%2Fwp%2Fv2%2Fcomments&post=9977"}],"version-history":[{"count":0,"href":"https:\/\/noticiasregionais.com.br\/index.php?rest_route=\/wp\/v2\/posts\/9977\/revisions"}],"wp:featuredmedia":[{"embeddable":true,"href":"https:\/\/noticiasregionais.com.br\/index.php?rest_route=\/wp\/v2\/media\/9978"}],"wp:attachment":[{"href":"https:\/\/noticiasregionais.com.br\/index.php?rest_route=%2Fwp%2Fv2%2Fmedia&parent=9977"}],"wp:term":[{"taxonomy":"category","embeddable":true,"href":"https:\/\/noticiasregionais.com.br\/index.php?rest_route=%2Fwp%2Fv2%2Fcategories&post=9977"},{"taxonomy":"post_tag","embeddable":true,"href":"https:\/\/noticiasregionais.com.br\/index.php?rest_route=%2Fwp%2Fv2%2Ftags&post=9977"}],"curies":[{"name":"wp","href":"https:\/\/api.w.org\/{rel}","templated":true}]}}