{"id":9983,"date":"2025-09-23T12:00:00","date_gmt":"2025-09-23T15:00:00","guid":{"rendered":"https:\/\/noticiasregionais.com.br\/?p=9983"},"modified":"2025-09-23T12:00:00","modified_gmt":"2025-09-23T15:00:00","slug":"coalizao-empresarial-apresenta-23-propostas-para-acelerar-metas-climaticas","status":"publish","type":"post","link":"https:\/\/noticiasregionais.com.br\/?p=9983","title":{"rendered":"Coaliz\u00e3o empresarial apresenta 23 propostas para acelerar metas clim\u00e1ticas"},"content":{"rendered":"<p>\t\t\t\t\t\t\t\t\t\t<audio controls class=\"b61_audio_player\" data-noticia=\"84767\" src=\"https:\/\/brasil61.com\/rails\/active_storage\/blobs\/eyJfcmFpbHMiOnsibWVzc2FnZSI6IkJBaHBBMW1lQXc9PSIsImV4cCI6bnVsbCwicHVyIjoiYmxvYl9pZCJ9fQ==--42ea713dd76061a129f9257c52583011d242909c\/PIND254632B\"><\/audio><\/p>\n<p>A coaliz\u00e3o empresarial <strong><a href=\"https:\/\/noticias.portaldaindustria.com.br\/noticias\/sustentabilidade\/o-que-e-a-sb-cop\/\" target=\"_blank\" rel=\"noopener\">Sustainable Business COP (SB COP) <\/a><\/strong>apresentou, na segunda-feira (22), um <strong>conjunto de 23 medidas priorit\u00e1rias para acelerar o alcance das metas clim\u00e1ticas e ampliar o papel do setor privado nas negocia\u00e7\u00f5es internacionais<\/strong>. O documento foi entregue ao presidente da <strong>COP30<\/strong>, embaixador Andr\u00e9 Corr\u00eaa do Lago, durante o <strong>High-Level Event da SB COP<\/strong>, em parceria com a Bloomberg, na <a href=\"https:\/\/www.climateweeknyc.org\/\" target=\"_blank\" rel=\"noopener\"><strong>Semana do Clima de Nova York<\/strong><\/a>.<\/p>\n<p>Lan\u00e7ada pela <a href=\"https:\/\/cni.portaldaindustria.com.br\/pt\/\" target=\"_blank\" rel=\"noopener\"><strong>Confedera\u00e7\u00e3o Nacional da Ind\u00fastria (CNI)<\/strong><\/a>, a <strong>SB COP \u00e9 uma alian\u00e7a global que re\u00fane quase 40 milh\u00f5es de empresas em mais de 60 pa\u00edses<\/strong>.<\/p>\n<p>As recomenda\u00e7\u00f5es est\u00e3o organizadas em cinco objetivos centrais:<\/p>\n<p>\u25cf\u00a0\u00a0 \u00a0acelerar a transi\u00e7\u00e3o energ\u00e9tica, em linha com a meta do Acordo de Paris de limitar o aquecimento global a 1,5\u00baC;<br \/>\n\u25cf\u00a0\u00a0 \u00a0promover apoio financeiro para enfrentar a crise clim\u00e1tica, possibilitando crescimento econ\u00f4mico compat\u00edvel com a agenda clim\u00e1tica;<br \/>\n\u25cf\u00a0\u00a0 \u00a0garantir uma transi\u00e7\u00e3o justa, ampliando acesso \u00e0 energia e ao saneamento b\u00e1sico por meio de infraestrutura urbana sustent\u00e1vel e capacita\u00e7\u00e3o de pessoas;<br \/>\n\u25cf\u00a0\u00a0 \u00a0fortalecer cadeias de valor sustent\u00e1veis, incorporando princ\u00edpios de economia circular e bioeconomia globalmente;<br \/>\n\u25cf\u00a0\u00a0 \u00a0refor\u00e7ar a colabora\u00e7\u00e3o global, alinhando estruturas comuns para mercados de carbono e bioeconomia.<\/p>\n<p>De acordo com o superintendente de Meio Ambiente e Sustentabilidade da CNI, Davi Bomtempo, \u00a0as <strong>propostas tratam de temas estrat\u00e9gicos como transi\u00e7\u00e3o energ\u00e9tica, bioeconomia, economia circular, finan\u00e7as sustent\u00e1veis e cidades inteligentes<\/strong>.<\/p>\n<p>\u201cA SB COP \u00e9 uma iniciativa inovadora de engajamento do setor privado. Tem uma abrang\u00eancia internacional, mas tamb\u00e9m com um desdobramento aqui para o nosso pa\u00eds, em termos de legado\u201d, ressalta Bomtempo.\u00a0<\/p>\n<p>Outros temas abordados <strong>incluem sistemas alimentares, solu\u00e7\u00f5es baseadas na natureza, empregos e habilidades verdes. <\/strong>As recomenda\u00e7\u00f5es tamb\u00e9m ser\u00e3o debatidas na <strong>Pr\u00e9-COP da CNI<\/strong>, marcada para 15 de outubro, em Bras\u00edlia.\u00a0<\/p>\n<p>Al\u00e9m de elencar prioridades, a coaliz\u00e3o empresarial tamb\u00e9m reunir\u00e1 exemplos de como as empresas em todo o mundo est\u00e3o contribuindo para a transi\u00e7\u00e3o para uma energia sustent\u00e1vel. \u201cS\u00e3o cases recebidos de v\u00e1rias partes do mundo, e a ideia, com certeza, \u00e9 trabalhar cada vez mais essa agenda de implementa\u00e7\u00e3o\u201d, explica o superintendente. Os cases ser\u00e3o apresentados na COP30, que acontecer\u00e1 em Bel\u00e9m (PA), em novembro.\u00a0<\/p>\n<p>O <strong><a href=\"https:\/\/www.gov.br\/mcti\/pt-br\/acompanhe-o-mcti\/cgcl\/paginas\/sistema-de-registro-nacional-de-emissoes-sirene\" target=\"_blank\" rel=\"noopener\">Sistema de Registro Nacional de Emiss\u00f5es (Sirene) <\/a>aponta que a ind\u00fastria responde por menos de 10% das emiss\u00f5es de gases de efeito estufa no Brasil.<\/strong> Ainda assim, o setor exerce papel estrat\u00e9gico na promo\u00e7\u00e3o de solu\u00e7\u00f5es sustent\u00e1veis, inovadoras e que gerem desenvolvimento econ\u00f4mico. \u00c9 o que defende o professor de Engenharia e Mudan\u00e7as Clim\u00e1ticas da <a href=\"https:\/\/www.unb.br\/\" target=\"_blank\" rel=\"noopener\"><strong>Universidade de Bras\u00edlia (UnB)<\/strong><\/a>, Rafael Amaral Shayani.\u00a0<\/p>\n<p>\u201cA articula\u00e7\u00e3o do setor privado \u00e9 de extrema import\u00e2ncia para que as metas do Acordo de Paris e dos novos acordos que v\u00e3o ser feitos na COP 30 sejam alcan\u00e7adas. O papel do poder p\u00fablico \u00e9 estimular o setor privado, mas na pr\u00e1tica s\u00e3o as empresas que podem fazer bastante coisa para reduzir a emiss\u00e3o de g\u00e1s de efeito estufa\u201d, destaca o professor.\u00a0<\/p>\n<h2>Evento High-Level Event da SB COP, em NY<\/h2>\n<p>O High-Level Event, onde o documento foi entregue, reuniu autoridades e lideran\u00e7as empresariais, como Ricardo Mussa, chair da SB COP; o vice-presidente da CNI, presidente da Federa\u00e7\u00e3o das Ind\u00fastrias de Rond\u00f4nia https:\/\/portal.fiero.org.br\/ e do Instituto Amaz\u00f4nia+21, Marcelo Thom\u00e9; e o presidente da Federa\u00e7\u00e3o das Ind\u00fastrias do Par\u00e1 (FIEPA), Alex Carvalho.<\/p>\n<p>Foram convidados os ministros da Fazenda, Fernando Haddad; do Meio Ambiente e Mudan\u00e7a do Clima, Marina Silva; da Casa Civil, Rui Costa; o vice-presidente da Rep\u00fablica e ministro do Desenvolvimento, Ind\u00fastria, Com\u00e9rcio e Servi\u00e7os, Geraldo Alckmin; e o governador do Par\u00e1, Helder Barbalho.<\/p>\n<p>Entre os convidados internacionais, est\u00e3o Paul Polman, refer\u00eancia global em lideran\u00e7a empresarial na agenda clim\u00e1tica; Michael Bloomberg, empres\u00e1rio e ex-prefeito de Nova York; e Teresa Ribera, vice-presidente executiva para uma Transi\u00e7\u00e3o Limpa, Justa e Competitiva da Uni\u00e3o Europeia.<\/p>\n<h2>Meses de trabalho<\/h2>\n<p>O <strong>documento com as propostas \u00e9 resultado de meses de trabalho de grupos tem\u00e1ticos formados por CEOs e executivos de empresas brasileiras e multinacionais, entre elas Natura, JBS, Solvay, Ambipar, MRV, Schneider Electric, re.green e eB Climate<\/strong>. A iniciativa tamb\u00e9m re\u00fane parceiros institucionais, como o F\u00f3rum Econ\u00f4mico Mundial, a C\u00e2mara de Com\u00e9rcio Internacional (ICC), as redes Brasil e Austr\u00e1lia do Pacto Global da ONU, o Banco Interamericano de Desenvolvimento (BID) e a International Finance Corporation (IFC).<\/p>\n<p>Em junho, a SB COP passou a integrar a Marrakech Partnership for Global Climate Action, ligada \u00e0 Conven\u00e7\u00e3o-Quadro das Na\u00e7\u00f5es Unidas sobre Mudan\u00e7a do Clima (UNFCCC). A plataforma conecta iniciativas de atores n\u00e3o estatais e busca acelerar a implementa\u00e7\u00e3o do Acordo de Paris.<\/p>\n<p><u><strong>VEJA MAIS:<\/strong><\/u><\/p>\n<ul>\n<li><a href=\"https:\/\/brasil61.com\/n\/cop30-deve-atrair-mais-de-40-mil-visitantes-e-aquece-setor-de-turismo-em-belem-basa250081\" target=\"_blank\" rel=\"noopener\">COP30 deve atrair mais de 40 mil visitantes e aquece setor de turismo em Bel\u00e9m<\/a><\/li>\n<li><a href=\"https:\/\/brasil61.com\/n\/cni-leva-solucoes-concretas-a-cop30-e-defende-papel-ativo-das-empresas-pind254581\" target=\"_blank\" rel=\"noopener\">CNI leva solu\u00e7\u00f5es concretas \u00e0 COP30 e defende papel ativo das empresas<\/a><\/li>\n<\/ul>\n<p>\t\t\t\t\t\t\t\t\t<img decoding=\"async\" src=\"https:\/\/brasil61.com\/api\/v1\/serve_pixel\/22254\/84767\" alt=\"Pixel Brasil 61\" class=\"b61_pixel\" width=\"0\" height=\"0\"><\/p>\n<div class=\"br61_backlink\">\n<p>\n\t\t\t\tFonte: <a href=\"https:\/\/brasil61.com\/coalizao-empresarial-apresenta-23-propostas-para-acelerar-metas-climaticas-pind254632\" title=\"Artigo Original: Coaliz\u00e3o empresarial apresenta 23 propostas para acelerar metas clim\u00e1ticas\" target=\"_blank\" rel=\"noopener\">Brasil 61<\/a>\n\t\t\t<\/p>\n<\/p><\/div>\n<input type=\"hidden\" id=\"baseurl\" value=\"https:\/\/noticiasregionais.com.br\"><input type=\"hidden\" id=\"audio_nonce\" value=\"533fbb67b1\">","protected":false},"excerpt":{"rendered":"<p>Sustainable Business COP entrega propostas \u00e0 presid\u00eancia da COP30 em evento da Semana do Clima, em Nova York<\/p>\n","protected":false},"author":1,"featured_media":9984,"comment_status":"","ping_status":"open","sticky":false,"template":"","format":"standard","meta":{"sfsi_plus_gutenberg_text_before_share":"","sfsi_plus_gutenberg_show_text_before_share":"","sfsi_plus_gutenberg_icon_type":"","sfsi_plus_gutenberg_icon_alignemt":"","sfsi_plus_gutenburg_max_per_row":"","footnotes":""},"categories":[8],"tags":[],"class_list":["post-9983","post","type-post","status-publish","format-standard","has-post-thumbnail","hentry","category-brasil"],"_links":{"self":[{"href":"https:\/\/noticiasregionais.com.br\/index.php?rest_route=\/wp\/v2\/posts\/9983","targetHints":{"allow":["GET"]}}],"collection":[{"href":"https:\/\/noticiasregionais.com.br\/index.php?rest_route=\/wp\/v2\/posts"}],"about":[{"href":"https:\/\/noticiasregionais.com.br\/index.php?rest_route=\/wp\/v2\/types\/post"}],"author":[{"embeddable":true,"href":"https:\/\/noticiasregionais.com.br\/index.php?rest_route=\/wp\/v2\/users\/1"}],"replies":[{"embeddable":true,"href":"https:\/\/noticiasregionais.com.br\/index.php?rest_route=%2Fwp%2Fv2%2Fcomments&post=9983"}],"version-history":[{"count":0,"href":"https:\/\/noticiasregionais.com.br\/index.php?rest_route=\/wp\/v2\/posts\/9983\/revisions"}],"wp:featuredmedia":[{"embeddable":true,"href":"https:\/\/noticiasregionais.com.br\/index.php?rest_route=\/wp\/v2\/media\/9984"}],"wp:attachment":[{"href":"https:\/\/noticiasregionais.com.br\/index.php?rest_route=%2Fwp%2Fv2%2Fmedia&parent=9983"}],"wp:term":[{"taxonomy":"category","embeddable":true,"href":"https:\/\/noticiasregionais.com.br\/index.php?rest_route=%2Fwp%2Fv2%2Fcategories&post=9983"},{"taxonomy":"post_tag","embeddable":true,"href":"https:\/\/noticiasregionais.com.br\/index.php?rest_route=%2Fwp%2Fv2%2Ftags&post=9983"}],"curies":[{"name":"wp","href":"https:\/\/api.w.org\/{rel}","templated":true}]}}