{"id":9986,"date":"2025-09-23T14:22:56","date_gmt":"2025-09-23T17:22:56","guid":{"rendered":"https:\/\/noticiasregionais.com.br\/?p=9986"},"modified":"2025-09-23T15:03:36","modified_gmt":"2025-09-23T18:03:36","slug":"baep-apreende-arsenal-de-armas-de-fogo-em-chacara-na-regiao-apos-denuncia-anonima","status":"publish","type":"post","link":"https:\/\/noticiasregionais.com.br\/?p=9986","title":{"rendered":"BAEP apreende arsenal de armas de fogo em ch\u00e1cara na regi\u00e3o ap\u00f3s den\u00fancia an\u00f4nima"},"content":{"rendered":"\n<p>Na noite de segunda-feira (22), por volta das 19h45, o 13\u00ba Batalh\u00e3o de A\u00e7\u00f5es Especiais de Pol\u00edcia (BAEP) apreendeu diversas armas de fogo de diferentes calibres em uma ch\u00e1cara localizada no munic\u00edpio de Piratininga (SP). A a\u00e7\u00e3o ocorreu ap\u00f3s uma den\u00fancia an\u00f4nima que apontava a exist\u00eancia de com\u00e9rcio ilegal de armamentos no local.<\/p>\n\n\n\n<p>De acordo com a Pol\u00edcia Militar, os policiais foram at\u00e9 a propriedade, situada na \u00e1rea do 4\u00ba BPM\/I, e apresentaram aos moradores o teor da den\u00fancia, al\u00e9m de imagens relacionadas ao caso. Com a autoriza\u00e7\u00e3o dos respons\u00e1veis, a equipe realizou buscas no im\u00f3vel.<\/p>\n\n\n\n<p>Durante a vistoria, os agentes localizaram um verdadeiro arsenal, que estava guardado sobre a cama de um quarto de h\u00f3spedes. Entre o material apreendido estavam pistolas, rev\u00f3lveres, carabinas, espingarda e dezenas de muni\u00e7\u00f5es de diferentes calibres.<\/p>\n\n\n\n<h3 class=\"wp-block-heading\">Armas e muni\u00e7\u00f5es apreendidas:<\/h3>\n\n\n\n<p><strong>Pistolas:<\/strong><\/p>\n\n\n\n<ul class=\"wp-block-list\">\n<li>Taurus calibre 7.65 (PT57S)<\/li>\n\n\n\n<li>Mauser calibre 7.63 (modelo 1908)<\/li>\n<\/ul>\n\n\n\n<p><strong>Rev\u00f3lveres:<\/strong><\/p>\n\n\n\n<ul class=\"wp-block-list\">\n<li>Smith &amp; Wesson calibre .38 (fabricado em 1890)<\/li>\n\n\n\n<li>Colt Pocket calibre .32<\/li>\n<\/ul>\n\n\n\n<p><strong>Espingarda:<\/strong><\/p>\n\n\n\n<ul class=\"wp-block-list\">\n<li>Urko calibre .22<\/li>\n<\/ul>\n\n\n\n<p><strong>Carabinas:<\/strong><\/p>\n\n\n\n<ul class=\"wp-block-list\">\n<li>Winchester calibre .44<\/li>\n\n\n\n<li>CBC 605 calibre .36<\/li>\n\n\n\n<li>Carabina calibre .28 de dois canos (sem marca aparente)<\/li>\n<\/ul>\n\n\n\n<p><strong>Muni\u00e7\u00f5es:<\/strong><\/p>\n\n\n\n<ul class=\"wp-block-list\">\n<li>11 muni\u00e7\u00f5es calibre .36 (CBC)<\/li>\n\n\n\n<li>12 muni\u00e7\u00f5es calibre .32 (CBC)<\/li>\n\n\n\n<li>21 muni\u00e7\u00f5es calibre .44 (CBC)<\/li>\n<\/ul>\n\n\n\n<p>Segundo a pol\u00edcia, todas as armas possu\u00edam numera\u00e7\u00e3o de f\u00e1brica, por\u00e9m nenhuma delas tinha a documenta\u00e7\u00e3o exigida para porte ou posse legal.<\/p>\n\n\n\n<p>O material foi apreendido e encaminhado \u00e0 Delegacia de Pol\u00edcia Civil de Piratininga, onde o caso foi registrado. A Pol\u00edcia Civil ir\u00e1 investigar a origem do arsenal e apurar a suspeita de com\u00e9rcio ilegal de armas.<\/p>\n<input type=\"hidden\" id=\"baseurl\" value=\"https:\/\/noticiasregionais.com.br\"><input type=\"hidden\" id=\"audio_nonce\" value=\"533fbb67b1\">","protected":false},"excerpt":{"rendered":"<p>Na noite de segunda-feira (22), por volta das 19h45, o 13\u00ba Batalh\u00e3o de A\u00e7\u00f5es Especiais de Pol\u00edcia (BAEP) apreendeu diversas&hellip;<\/p>\n","protected":false},"author":1,"featured_media":9987,"comment_status":"closed","ping_status":"open","sticky":false,"template":"","format":"standard","meta":{"sfsi_plus_gutenberg_text_before_share":"","sfsi_plus_gutenberg_show_text_before_share":"","sfsi_plus_gutenberg_icon_type":"","sfsi_plus_gutenberg_icon_alignemt":"","sfsi_plus_gutenburg_max_per_row":"","footnotes":""},"categories":[12,1,6],"tags":[58],"class_list":["post-9986","post","type-post","status-publish","format-standard","has-post-thumbnail","hentry","category-capa","category-noticias","category-sao_paulo","tag-piratininga"],"_links":{"self":[{"href":"https:\/\/noticiasregionais.com.br\/index.php?rest_route=\/wp\/v2\/posts\/9986","targetHints":{"allow":["GET"]}}],"collection":[{"href":"https:\/\/noticiasregionais.com.br\/index.php?rest_route=\/wp\/v2\/posts"}],"about":[{"href":"https:\/\/noticiasregionais.com.br\/index.php?rest_route=\/wp\/v2\/types\/post"}],"author":[{"embeddable":true,"href":"https:\/\/noticiasregionais.com.br\/index.php?rest_route=\/wp\/v2\/users\/1"}],"replies":[{"embeddable":true,"href":"https:\/\/noticiasregionais.com.br\/index.php?rest_route=%2Fwp%2Fv2%2Fcomments&post=9986"}],"version-history":[{"count":1,"href":"https:\/\/noticiasregionais.com.br\/index.php?rest_route=\/wp\/v2\/posts\/9986\/revisions"}],"predecessor-version":[{"id":9988,"href":"https:\/\/noticiasregionais.com.br\/index.php?rest_route=\/wp\/v2\/posts\/9986\/revisions\/9988"}],"wp:featuredmedia":[{"embeddable":true,"href":"https:\/\/noticiasregionais.com.br\/index.php?rest_route=\/wp\/v2\/media\/9987"}],"wp:attachment":[{"href":"https:\/\/noticiasregionais.com.br\/index.php?rest_route=%2Fwp%2Fv2%2Fmedia&parent=9986"}],"wp:term":[{"taxonomy":"category","embeddable":true,"href":"https:\/\/noticiasregionais.com.br\/index.php?rest_route=%2Fwp%2Fv2%2Fcategories&post=9986"},{"taxonomy":"post_tag","embeddable":true,"href":"https:\/\/noticiasregionais.com.br\/index.php?rest_route=%2Fwp%2Fv2%2Ftags&post=9986"}],"curies":[{"name":"wp","href":"https:\/\/api.w.org\/{rel}","templated":true}]}}