{"id":9989,"date":"2025-09-23T14:30:52","date_gmt":"2025-09-23T17:30:52","guid":{"rendered":"https:\/\/noticiasregionais.com.br\/?p=9989"},"modified":"2025-09-23T14:31:12","modified_gmt":"2025-09-23T17:31:12","slug":"passeata-em-ourinhos-vai-marcar-o-dia-nacional-da-doacao-de-orgaos","status":"publish","type":"post","link":"https:\/\/noticiasregionais.com.br\/?p=9989","title":{"rendered":"Passeata em Ourinhos vai marcar o Dia Nacional da Doa\u00e7\u00e3o de \u00d3rg\u00e3os"},"content":{"rendered":"\n<p>Na pr\u00f3xima sexta-feira (26), Ourinhos ser\u00e1 palco de uma mobiliza\u00e7\u00e3o em apoio \u00e0 doa\u00e7\u00e3o de \u00f3rg\u00e3os. A iniciativa \u00e9 promovida pela Santa Casa em parceria com a CIHDOTT (Comiss\u00e3o Intra-Hospitalar de Doa\u00e7\u00e3o de \u00d3rg\u00e3os e Tecidos para Transplante), em alus\u00e3o ao Dia Nacional da Doa\u00e7\u00e3o de \u00d3rg\u00e3os, celebrado em 27 de setembro.<\/p>\n\n\n\n<p>A concentra\u00e7\u00e3o est\u00e1 marcada para as 14h, na Pra\u00e7a da Santa Casa. De l\u00e1, os participantes seguir\u00e3o em caminhada at\u00e9 a Pra\u00e7a Melo Peixoto, no centro da cidade.<\/p>\n\n\n\n<p>Segundo os organizadores, a a\u00e7\u00e3o busca refor\u00e7ar a import\u00e2ncia da decis\u00e3o de ser doador e, principalmente, de compartilhar esse desejo com a fam\u00edlia, j\u00e1 que a autoriza\u00e7\u00e3o depende dela. \u201cCada doa\u00e7\u00e3o representa esperan\u00e7a e pode mudar o destino de muitas pessoas que aguardam na fila por um transplante\u201d, refor\u00e7a a equipe da Santa Casa.<\/p>\n\n\n\n<p>O evento \u00e9 gratuito e aberto a toda a comunidade.<\/p>\n\n\n\n<figure class=\"wp-block-image size-large\"><img decoding=\"async\" width=\"819\" height=\"1024\" src=\"https:\/\/noticiasregionais.com.br\/wp-content\/uploads\/2025\/09\/WhatsApp-Image-2025-09-22-at-15.36.32-819x1024.jpeg\" alt=\"\" class=\"wp-image-9990\" srcset=\"https:\/\/noticiasregionais.com.br\/wp-content\/uploads\/2025\/09\/WhatsApp-Image-2025-09-22-at-15.36.32-819x1024.jpeg 819w, https:\/\/noticiasregionais.com.br\/wp-content\/uploads\/2025\/09\/WhatsApp-Image-2025-09-22-at-15.36.32-240x300.jpeg 240w, https:\/\/noticiasregionais.com.br\/wp-content\/uploads\/2025\/09\/WhatsApp-Image-2025-09-22-at-15.36.32-768x960.jpeg 768w, https:\/\/noticiasregionais.com.br\/wp-content\/uploads\/2025\/09\/WhatsApp-Image-2025-09-22-at-15.36.32.jpeg 1080w\" sizes=\"(max-width: 819px) 100vw, 819px\" \/><\/figure>\n<input type=\"hidden\" id=\"baseurl\" value=\"https:\/\/noticiasregionais.com.br\"><input type=\"hidden\" id=\"audio_nonce\" value=\"533fbb67b1\">","protected":false},"excerpt":{"rendered":"<p>Na pr\u00f3xima sexta-feira (26), Ourinhos ser\u00e1 palco de uma mobiliza\u00e7\u00e3o em apoio \u00e0 doa\u00e7\u00e3o de \u00f3rg\u00e3os. A iniciativa \u00e9 promovida&hellip;<\/p>\n","protected":false},"author":1,"featured_media":9991,"comment_status":"closed","ping_status":"open","sticky":false,"template":"","format":"standard","meta":{"sfsi_plus_gutenberg_text_before_share":"","sfsi_plus_gutenberg_show_text_before_share":"","sfsi_plus_gutenberg_icon_type":"","sfsi_plus_gutenberg_icon_alignemt":"","sfsi_plus_gutenburg_max_per_row":"","footnotes":""},"categories":[10,1,5],"tags":[16],"class_list":["post-9989","post","type-post","status-publish","format-standard","has-post-thumbnail","hentry","category-destaques","category-noticias","category-ourinhos","tag-ourinhos"],"_links":{"self":[{"href":"https:\/\/noticiasregionais.com.br\/index.php?rest_route=\/wp\/v2\/posts\/9989","targetHints":{"allow":["GET"]}}],"collection":[{"href":"https:\/\/noticiasregionais.com.br\/index.php?rest_route=\/wp\/v2\/posts"}],"about":[{"href":"https:\/\/noticiasregionais.com.br\/index.php?rest_route=\/wp\/v2\/types\/post"}],"author":[{"embeddable":true,"href":"https:\/\/noticiasregionais.com.br\/index.php?rest_route=\/wp\/v2\/users\/1"}],"replies":[{"embeddable":true,"href":"https:\/\/noticiasregionais.com.br\/index.php?rest_route=%2Fwp%2Fv2%2Fcomments&post=9989"}],"version-history":[{"count":1,"href":"https:\/\/noticiasregionais.com.br\/index.php?rest_route=\/wp\/v2\/posts\/9989\/revisions"}],"predecessor-version":[{"id":9992,"href":"https:\/\/noticiasregionais.com.br\/index.php?rest_route=\/wp\/v2\/posts\/9989\/revisions\/9992"}],"wp:featuredmedia":[{"embeddable":true,"href":"https:\/\/noticiasregionais.com.br\/index.php?rest_route=\/wp\/v2\/media\/9991"}],"wp:attachment":[{"href":"https:\/\/noticiasregionais.com.br\/index.php?rest_route=%2Fwp%2Fv2%2Fmedia&parent=9989"}],"wp:term":[{"taxonomy":"category","embeddable":true,"href":"https:\/\/noticiasregionais.com.br\/index.php?rest_route=%2Fwp%2Fv2%2Fcategories&post=9989"},{"taxonomy":"post_tag","embeddable":true,"href":"https:\/\/noticiasregionais.com.br\/index.php?rest_route=%2Fwp%2Fv2%2Ftags&post=9989"}],"curies":[{"name":"wp","href":"https:\/\/api.w.org\/{rel}","templated":true}]}}