{"id":999,"date":"2023-10-28T19:01:08","date_gmt":"2023-10-28T22:01:08","guid":{"rendered":"https:\/\/noticiasregionais.com.br\/?p=999"},"modified":"2023-10-28T19:01:11","modified_gmt":"2023-10-28T22:01:11","slug":"avc-acidente-vascular-cerebral-causou-quase-89-mil-mortes-no-pais-em-2023","status":"publish","type":"post","link":"https:\/\/noticiasregionais.com.br\/?p=999","title":{"rendered":"AVC: Acidente Vascular Cerebral causou quase 89 mil mortes no pa\u00eds em 2023"},"content":{"rendered":"\n<p class=\"has-text-align-center\"><strong>Em 29 de outubro \u00e9 celebrado o Dia Mundial do AVC. Estudo recente mostra que, at\u00e9 2050, 10 milh\u00f5es de pessoas podem ser v\u00edtimas da doen\u00e7a no mundo<\/strong><\/p>\n\n\n\n<p>Quase 89 mil pessoas morreram em 2023&nbsp;v\u00edtimas de Acidente Vascular Cerebral (AVC), de acordo com o Portal de Transpar\u00eancia dos Cart\u00f3rios de Registro Civil do Brasil. Segundo a&nbsp;Rede Brasil AVC, a doen\u00e7a \u00e9 uma das principais causas de mortes no Brasil.<\/p>\n\n\n\n<p>Estudo recente publicado pela revista cient\u00edfica Lancet Neurology alerta que o mal s\u00fabito pode causar cerca de 10 milh\u00f5es de mortes no mundo por ano at\u00e9 2050 \u2014 e os pa\u00edses de baixa e m\u00e9dia renda devem ser os mais afetados.<\/p>\n\n\n\n<p>Em 2020, 6,6 milh\u00f5es de pessoas morreram no mundo em decorr\u00eancia da doen\u00e7a. Conforme o estudo, a falta de consci\u00eancia das pessoas sobre o AVC \u00e9 uma das principais barreiras identificadas. Neste domingo, 29 de outubro, celebra-se o Dia Mundial do AVC, voltado para a conscientiza\u00e7\u00e3o da popula\u00e7\u00e3o.&nbsp;<\/p>\n\n\n\n<p>O neurocirurgi\u00e3o e especialista em doen\u00e7as cerebrovasculares Victor Hugo Esp\u00edndola lembra que se trata de uma condi\u00e7\u00e3o que tem tratamento e ressalta a import\u00e2ncia de identificar a doen\u00e7a da&nbsp;maneira mais precoce poss\u00edvel para a obten\u00e7\u00e3o de melhores resultados no tratamento e, assim, reduzir o n\u00famero de mortes e evitar sequelas. O neurocirurgi\u00e3o destaca ainda que a doen\u00e7a \u00e9 extremamente grave, mas pode ser prevenida.<\/p>\n\n\n\n<p>\u201cVale lembrar que a preven\u00e7\u00e3o do AVC \u00e9 a coisa mais importante que tem, a gente consegue evitar at\u00e9 80% dos AVCs com bons atos de vida, ent\u00e3o \u00e9 fazendo atividade f\u00edsica regular, alimenta\u00e7\u00e3o adequada, controlando a press\u00e3o arterial, controlando o diabetes, controlando a obesidade, ent\u00e3o mantendo-se um estilo de vida saud\u00e1vel, com alimenta\u00e7\u00e3o saud\u00e1vel, com atividade f\u00edsica, a gente consegue evitar a grande maioria dos AVCs\u201d, afirma<\/p>\n\n\n\n<p>Esp\u00edndola explica que os m\u00e9dicos costumam utilizar o acr\u00f4nimo \u201cSAMU\u201d para &nbsp;identificar rapidamente um AVC. &nbsp;\u201cS,&nbsp;a gente pede para o paciente sorrir. Se tiver uma assimetria de face, uma boca torta, um sorriso torto, a gente tem que suspeitar de AVC. O A,&nbsp;de abra\u00e7o, a gente pede para o paciente levantar os dois bra\u00e7os e ver se tem diferen\u00e7a de for\u00e7a de um bra\u00e7o do outro. O M,&nbsp;de m\u00fasica, pede para o paciente cantar uma m\u00fasica, recitar um poema, conversa com ele. Se tiver alguma dificuldade de exercer alguma dessas fun\u00e7\u00f5es, voc\u00ea tem que suspeitar que ele possa estar tendo um AVC. E o U&nbsp;de urg\u00eancia.\u201d<\/p>\n\n\n\n<h2 class=\"wp-block-heading\">AVC<\/h2>\n\n\n\n<p>A biom\u00e9dica Miriam Gontijo sofreu um AVC aos 33 anos, nove dias ap\u00f3s o nascimento da filha mais nova. Hoje ela tem&nbsp;45 anos. Miriam&nbsp;conta que foi ao hospital depois de um desconforto respirat\u00f3rio e l\u00e1 descobriu que estava com a press\u00e3o muito alta. Enquanto os m\u00e9dicos investigavam as poss\u00edveis causas, passou a ter fortes dores de cabe\u00e7a e v\u00f4mitos. Depois, teve uma convuls\u00e3o e ficou em coma induzido.&nbsp;<\/p>\n\n\n\n<p>\u201cFoi quando identificaram o AVC hemorr\u00e1gico dos dois lados do c\u00e9rebro. Realizaram a inser\u00e7\u00e3o de cateter para poder drenar e fiquei em coma induzido por 18 dias. Ap\u00f3s isso, fiquei hospitalizada por 32. Quando todos acharam que eu n\u00e3o conseguia nem me restabelecer, sa\u00ed do hospital andando, falando, sem nenhuma sequela. E n\u00e3o tomo nenhuma medica\u00e7\u00e3o. J\u00e1 se passaram 12 anos e aqui estou para contar a hist\u00f3ria com muito orgulho, muito carinho, muita gratid\u00e3o a Deus\u201d, conta.&nbsp;<\/p>\n\n\n\n<p>Segundo o Minist\u00e9rio da Sa\u00fade, existem dois tipos de AVC, que ocorrem por motivos diferentes. O mais comum \u00e9 o isqu\u00eamico, respons\u00e1vel por 85% dos casos. Ocorre quando a passagem de oxig\u00eanio para as c\u00e9lulas cerebrais \u00e9 impedida por uma obstru\u00e7\u00e3o arterial.<\/p>\n\n\n\n<p>J\u00e1 o hemorr\u00e1gico representa 15% dos casos e \u00e9 causado por um rompimento de um vaso cerebral que provoca hemorragia. De acordo com o minist\u00e9rio, &nbsp;o diagn\u00f3stico \u00e9 feito por meio de exames de imagem para identificar a \u00e1rea do c\u00e9rebro afetada. Em caso de um dos sintomas abaixo, a recomenda\u00e7\u00e3o \u00e9 ligar imediatamente para o n\u00famero 192, do Servi\u00e7o de Atendimento M\u00e9dico de Urg\u00eancia.&nbsp;<\/p>\n\n\n\n<p><strong>Sintomas<\/strong><\/p>\n\n\n\n<ul class=\"wp-block-list\">\n<li>Fraqueza ou formigamento na face, no bra\u00e7o ou na perna, especialmente em um lado do corpo;<\/li>\n\n\n\n<li>Confus\u00e3o mental;<\/li>\n\n\n\n<li>Altera\u00e7\u00e3o da fala ou compreens\u00e3o;<\/li>\n\n\n\n<li>Altera\u00e7\u00e3o na vis\u00e3o (em um ou ambos os olhos);<\/li>\n\n\n\n<li>Altera\u00e7\u00e3o do equil\u00edbrio, coordena\u00e7\u00e3o, tontura ou altera\u00e7\u00e3o no andar;<\/li>\n\n\n\n<li>Dor de cabe\u00e7a s\u00fabita, intensa, sem causa aparente.<\/li>\n<\/ul>\n\n\n\n<p><strong>Fatores de Risco<\/strong><\/p>\n\n\n\n<ul class=\"wp-block-list\">\n<li>Hipertens\u00e3o;<\/li>\n\n\n\n<li>Diabetes tipo 2;<\/li>\n\n\n\n<li>Colesterol alto;<\/li>\n\n\n\n<li>Sobrepeso;<\/li>\n\n\n\n<li>Obesidade;<\/li>\n\n\n\n<li>Tabagismo;<\/li>\n\n\n\n<li>Uso excessivo de \u00e1lcool;<\/li>\n\n\n\n<li>Idade avan\u00e7ada;<\/li>\n\n\n\n<li>Sedentarismo;<\/li>\n\n\n\n<li>Uso de drogas il\u00edcitas;<\/li>\n\n\n\n<li>Hist\u00f3rico familiar;<\/li>\n\n\n\n<li>Ser do sexo masculino.<br>&nbsp;<\/li>\n<\/ul>\n\n\n\n<p>Fonte: <a href=\"https:\/\/brasil61.com\/n\/avc-acidente-vascular-cerebral-causou-quase-89-mil-mortes-no-pais-em-2023-bras2310000\" target=\"_blank\" rel=\"noreferrer noopener\">Brasil 61<\/a><\/p>\n<input type=\"hidden\" id=\"baseurl\" value=\"https:\/\/noticiasregionais.com.br\"><input type=\"hidden\" id=\"audio_nonce\" value=\"533fbb67b1\">","protected":false},"excerpt":{"rendered":"<p>Em 29 de outubro \u00e9 celebrado o Dia Mundial do AVC. Estudo recente mostra que, at\u00e9 2050, 10 milh\u00f5es de&hellip;<\/p>\n","protected":false},"author":1,"featured_media":1000,"comment_status":"closed","ping_status":"open","sticky":false,"template":"","format":"standard","meta":{"sfsi_plus_gutenberg_text_before_share":"","sfsi_plus_gutenberg_show_text_before_share":"","sfsi_plus_gutenberg_icon_type":"","sfsi_plus_gutenberg_icon_alignemt":"","sfsi_plus_gutenburg_max_per_row":"","footnotes":""},"categories":[8,10,1],"tags":[],"class_list":["post-999","post","type-post","status-publish","format-standard","has-post-thumbnail","hentry","category-brasil","category-destaques","category-noticias"],"_links":{"self":[{"href":"https:\/\/noticiasregionais.com.br\/index.php?rest_route=\/wp\/v2\/posts\/999","targetHints":{"allow":["GET"]}}],"collection":[{"href":"https:\/\/noticiasregionais.com.br\/index.php?rest_route=\/wp\/v2\/posts"}],"about":[{"href":"https:\/\/noticiasregionais.com.br\/index.php?rest_route=\/wp\/v2\/types\/post"}],"author":[{"embeddable":true,"href":"https:\/\/noticiasregionais.com.br\/index.php?rest_route=\/wp\/v2\/users\/1"}],"replies":[{"embeddable":true,"href":"https:\/\/noticiasregionais.com.br\/index.php?rest_route=%2Fwp%2Fv2%2Fcomments&post=999"}],"version-history":[{"count":1,"href":"https:\/\/noticiasregionais.com.br\/index.php?rest_route=\/wp\/v2\/posts\/999\/revisions"}],"predecessor-version":[{"id":1001,"href":"https:\/\/noticiasregionais.com.br\/index.php?rest_route=\/wp\/v2\/posts\/999\/revisions\/1001"}],"wp:featuredmedia":[{"embeddable":true,"href":"https:\/\/noticiasregionais.com.br\/index.php?rest_route=\/wp\/v2\/media\/1000"}],"wp:attachment":[{"href":"https:\/\/noticiasregionais.com.br\/index.php?rest_route=%2Fwp%2Fv2%2Fmedia&parent=999"}],"wp:term":[{"taxonomy":"category","embeddable":true,"href":"https:\/\/noticiasregionais.com.br\/index.php?rest_route=%2Fwp%2Fv2%2Fcategories&post=999"},{"taxonomy":"post_tag","embeddable":true,"href":"https:\/\/noticiasregionais.com.br\/index.php?rest_route=%2Fwp%2Fv2%2Ftags&post=999"}],"curies":[{"name":"wp","href":"https:\/\/api.w.org\/{rel}","templated":true}]}}