{"id":9993,"date":"2025-09-23T14:55:25","date_gmt":"2025-09-23T17:55:25","guid":{"rendered":"https:\/\/noticiasregionais.com.br\/?p=9993"},"modified":"2025-09-23T15:03:51","modified_gmt":"2025-09-23T18:03:51","slug":"jovem-e-preso-por-trafico-de-drogas-em-cambara-apos-acompanhamento-tatico-policial","status":"publish","type":"post","link":"https:\/\/noticiasregionais.com.br\/?p=9993","title":{"rendered":"Jovem \u00e9 preso por tr\u00e1fico de drogas em Cambar\u00e1 ap\u00f3s acompanhamento t\u00e1tico policial"},"content":{"rendered":"\n<p>Na tarde desta segunda-feira (22), a Pol\u00edcia Militar prendeu um homem por tr\u00e1fico de drogas no munic\u00edpio de Cambar\u00e1. A ocorr\u00eancia aconteceu na Rua Ant\u00f4nio dos Anjos Filho, n\u00ba 240, ap\u00f3s um acompanhamento t\u00e1tico.<\/p>\n\n\n\n<p>De acordo com a equipe policial, estavam em patrulhamento quando avistaram um ve\u00edculo em atitude suspeita, parado no meio da via. Ao receber a ordem de abordagem, o condutor tentou fugir, dispensando pela janela uma sacola pl\u00e1stica.<\/p>\n\n\n\n<p>Ap\u00f3s acompanhamento t\u00e1tico, o carro foi interceptado no mesmo local da primeira tentativa de abordagem. Durante a verifica\u00e7\u00e3o, os policiais constataram que o motorista n\u00e3o possu\u00eda habilita\u00e7\u00e3o e que o autom\u00f3vel estava com o licenciamento irregular.<\/p>\n\n\n\n<p>Com apoio de outra equipe policial, os agentes refizeram o trajeto da fuga e localizaram a sacola descartada pelo suspeito. Dentro dela havia 39 por\u00e7\u00f5es de maconha, totalizando aproximadamente 109 gramas.<\/p>\n\n\n\n<p>O homem recebeu voz de pris\u00e3o e, antes de ser encaminhado \u00e0 Delegacia de Pol\u00edcia Civil, passou por exame de integridade f\u00edsica no pronto-socorro.<\/p>\n<input type=\"hidden\" id=\"baseurl\" value=\"https:\/\/noticiasregionais.com.br\"><input type=\"hidden\" id=\"audio_nonce\" value=\"533fbb67b1\">","protected":false},"excerpt":{"rendered":"<p>Na tarde desta segunda-feira (22), a Pol\u00edcia Militar prendeu um homem por tr\u00e1fico de drogas no munic\u00edpio de Cambar\u00e1. A&hellip;<\/p>\n","protected":false},"author":1,"featured_media":9994,"comment_status":"closed","ping_status":"open","sticky":false,"template":"","format":"standard","meta":{"sfsi_plus_gutenberg_text_before_share":"","sfsi_plus_gutenberg_show_text_before_share":"","sfsi_plus_gutenberg_icon_type":"","sfsi_plus_gutenberg_icon_alignemt":"","sfsi_plus_gutenburg_max_per_row":"","footnotes":""},"categories":[10,1,7],"tags":[14],"class_list":["post-9993","post","type-post","status-publish","format-standard","has-post-thumbnail","hentry","category-destaques","category-noticias","category-parana","tag-cambara"],"_links":{"self":[{"href":"https:\/\/noticiasregionais.com.br\/index.php?rest_route=\/wp\/v2\/posts\/9993","targetHints":{"allow":["GET"]}}],"collection":[{"href":"https:\/\/noticiasregionais.com.br\/index.php?rest_route=\/wp\/v2\/posts"}],"about":[{"href":"https:\/\/noticiasregionais.com.br\/index.php?rest_route=\/wp\/v2\/types\/post"}],"author":[{"embeddable":true,"href":"https:\/\/noticiasregionais.com.br\/index.php?rest_route=\/wp\/v2\/users\/1"}],"replies":[{"embeddable":true,"href":"https:\/\/noticiasregionais.com.br\/index.php?rest_route=%2Fwp%2Fv2%2Fcomments&post=9993"}],"version-history":[{"count":1,"href":"https:\/\/noticiasregionais.com.br\/index.php?rest_route=\/wp\/v2\/posts\/9993\/revisions"}],"predecessor-version":[{"id":9995,"href":"https:\/\/noticiasregionais.com.br\/index.php?rest_route=\/wp\/v2\/posts\/9993\/revisions\/9995"}],"wp:featuredmedia":[{"embeddable":true,"href":"https:\/\/noticiasregionais.com.br\/index.php?rest_route=\/wp\/v2\/media\/9994"}],"wp:attachment":[{"href":"https:\/\/noticiasregionais.com.br\/index.php?rest_route=%2Fwp%2Fv2%2Fmedia&parent=9993"}],"wp:term":[{"taxonomy":"category","embeddable":true,"href":"https:\/\/noticiasregionais.com.br\/index.php?rest_route=%2Fwp%2Fv2%2Fcategories&post=9993"},{"taxonomy":"post_tag","embeddable":true,"href":"https:\/\/noticiasregionais.com.br\/index.php?rest_route=%2Fwp%2Fv2%2Ftags&post=9993"}],"curies":[{"name":"wp","href":"https:\/\/api.w.org\/{rel}","templated":true}]}}