{"id":9997,"date":"2025-09-23T15:10:52","date_gmt":"2025-09-23T18:10:52","guid":{"rendered":"https:\/\/noticiasregionais.com.br\/?p=9997"},"modified":"2025-09-23T15:11:02","modified_gmt":"2025-09-23T18:11:02","slug":"saude-reforca-alerta-para-vacinacao-contra-o-sarampo-em-ourinhos","status":"publish","type":"post","link":"https:\/\/noticiasregionais.com.br\/?p=9997","title":{"rendered":"Sa\u00fade refor\u00e7a alerta para vacina\u00e7\u00e3o contra o sarampo em Ourinhos"},"content":{"rendered":"\n<p>A Prefeitura de Ourinhos, por meio da Secretaria Municipal de Sa\u00fade, refor\u00e7a o alerta \u00e0 popula\u00e7\u00e3o sobre a import\u00e2ncia da vacina\u00e7\u00e3o contra o sarampo. A imuniza\u00e7\u00e3o \u00e9 a forma mais eficaz de prevenir a doen\u00e7a, que pode causar complica\u00e7\u00f5es graves, especialmente em crian\u00e7as.<\/p>\n\n\n\n<p>As vacinas tr\u00edplice viral e tetraviral \u2013 que protegem contra sarampo, caxumba e rub\u00e9ola \u2013 s\u00e3o seguras, eficazes e gratuitas, estando dispon\u00edveis em todas as unidades de sa\u00fade do munic\u00edpio.<\/p>\n\n\n\n<p>\u201cVacinar-se \u00e9 um ato de cuidado individual e coletivo. Manter a carteira de vacina\u00e7\u00e3o em dia protege n\u00e3o apenas quem recebe a dose, mas toda a comunidade\u201d, refor\u00e7a o Secret\u00e1rio de Sa\u00fade, Diego Singolani.<\/p>\n\n\n\n<p>Quem deve se vacinar:<\/p>\n\n\n\n<ul class=\"wp-block-list\">\n<li>Beb\u00eas de 6 a 11 meses: devem receber a \u201cdose zero\u201d quando houver circula\u00e7\u00e3o do v\u00edrus na regi\u00e3o (n\u00e3o substitui as doses de rotina).<\/li>\n\n\n\n<li>Crian\u00e7as: primeira dose aos 12 meses e segunda dose aos 15 meses.<\/li>\n\n\n\n<li>Adultos at\u00e9 29 anos: devem ter recebido duas doses, conforme hist\u00f3rico vacinal.<\/li>\n\n\n\n<li>Adultos de 30 a 59 anos: devem ter recebido ao menos uma dose, conforme hist\u00f3rico vacinal.<\/li>\n<\/ul>\n\n\n\n<p>A Secretaria de Sa\u00fade orienta que todos os pais e respons\u00e1veis verifiquem as carteiras de vacina\u00e7\u00e3o de suas fam\u00edlias e, em caso de d\u00favida, procurem a unidade de sa\u00fade mais pr\u00f3xima.<\/p>\n\n\n\n<p>Vacinar \u00e9 proteger vidas e impedir o retorno de doen\u00e7as j\u00e1 controladas no pa\u00eds.<\/p>\n\n\n<div class=\"wp-block-image\">\n<figure class=\"aligncenter size-large\"><img decoding=\"async\" width=\"745\" height=\"1024\" src=\"https:\/\/noticiasregionais.com.br\/wp-content\/uploads\/2025\/09\/WhatsApp-Image-2025-09-23-at-15.07.27-745x1024.jpeg\" alt=\"\" class=\"wp-image-9998\" srcset=\"https:\/\/noticiasregionais.com.br\/wp-content\/uploads\/2025\/09\/WhatsApp-Image-2025-09-23-at-15.07.27-745x1024.jpeg 745w, https:\/\/noticiasregionais.com.br\/wp-content\/uploads\/2025\/09\/WhatsApp-Image-2025-09-23-at-15.07.27-218x300.jpeg 218w, https:\/\/noticiasregionais.com.br\/wp-content\/uploads\/2025\/09\/WhatsApp-Image-2025-09-23-at-15.07.27-768x1056.jpeg 768w, https:\/\/noticiasregionais.com.br\/wp-content\/uploads\/2025\/09\/WhatsApp-Image-2025-09-23-at-15.07.27-1117x1536.jpeg 1117w, https:\/\/noticiasregionais.com.br\/wp-content\/uploads\/2025\/09\/WhatsApp-Image-2025-09-23-at-15.07.27.jpeg 1164w\" sizes=\"(max-width: 745px) 100vw, 745px\" \/><\/figure>\n<\/div><input type=\"hidden\" id=\"baseurl\" value=\"https:\/\/noticiasregionais.com.br\"><input type=\"hidden\" id=\"audio_nonce\" value=\"533fbb67b1\">","protected":false},"excerpt":{"rendered":"<p>A Prefeitura de Ourinhos, por meio da Secretaria Municipal de Sa\u00fade, refor\u00e7a o alerta \u00e0 popula\u00e7\u00e3o sobre a import\u00e2ncia da&hellip;<\/p>\n","protected":false},"author":1,"featured_media":9999,"comment_status":"closed","ping_status":"open","sticky":false,"template":"","format":"standard","meta":{"sfsi_plus_gutenberg_text_before_share":"","sfsi_plus_gutenberg_show_text_before_share":"","sfsi_plus_gutenberg_icon_type":"","sfsi_plus_gutenberg_icon_alignemt":"","sfsi_plus_gutenburg_max_per_row":"","footnotes":""},"categories":[10,1,5],"tags":[16],"class_list":["post-9997","post","type-post","status-publish","format-standard","has-post-thumbnail","hentry","category-destaques","category-noticias","category-ourinhos","tag-ourinhos"],"_links":{"self":[{"href":"https:\/\/noticiasregionais.com.br\/index.php?rest_route=\/wp\/v2\/posts\/9997","targetHints":{"allow":["GET"]}}],"collection":[{"href":"https:\/\/noticiasregionais.com.br\/index.php?rest_route=\/wp\/v2\/posts"}],"about":[{"href":"https:\/\/noticiasregionais.com.br\/index.php?rest_route=\/wp\/v2\/types\/post"}],"author":[{"embeddable":true,"href":"https:\/\/noticiasregionais.com.br\/index.php?rest_route=\/wp\/v2\/users\/1"}],"replies":[{"embeddable":true,"href":"https:\/\/noticiasregionais.com.br\/index.php?rest_route=%2Fwp%2Fv2%2Fcomments&post=9997"}],"version-history":[{"count":1,"href":"https:\/\/noticiasregionais.com.br\/index.php?rest_route=\/wp\/v2\/posts\/9997\/revisions"}],"predecessor-version":[{"id":10000,"href":"https:\/\/noticiasregionais.com.br\/index.php?rest_route=\/wp\/v2\/posts\/9997\/revisions\/10000"}],"wp:featuredmedia":[{"embeddable":true,"href":"https:\/\/noticiasregionais.com.br\/index.php?rest_route=\/wp\/v2\/media\/9999"}],"wp:attachment":[{"href":"https:\/\/noticiasregionais.com.br\/index.php?rest_route=%2Fwp%2Fv2%2Fmedia&parent=9997"}],"wp:term":[{"taxonomy":"category","embeddable":true,"href":"https:\/\/noticiasregionais.com.br\/index.php?rest_route=%2Fwp%2Fv2%2Fcategories&post=9997"},{"taxonomy":"post_tag","embeddable":true,"href":"https:\/\/noticiasregionais.com.br\/index.php?rest_route=%2Fwp%2Fv2%2Ftags&post=9997"}],"curies":[{"name":"wp","href":"https:\/\/api.w.org\/{rel}","templated":true}]}}